{"id":83336,"date":"2022-05-21T13:32:59","date_gmt":"2022-05-21T16:32:59","guid":{"rendered":"https:\/\/blogdoedvaldomagalhaes.com.br\/?p=83336"},"modified":"2022-05-21T13:33:00","modified_gmt":"2022-05-21T16:33:00","slug":"sismuc-regional-realiza-plantao-juridico-para-servidores-associados","status":"publish","type":"post","link":"https:\/\/blogdoedvaldomagalhaes.com.br\/index.php\/2022\/05\/21\/sismuc-regional-realiza-plantao-juridico-para-servidores-associados\/","title":{"rendered":"SISMUC Regional realiza plant\u00e3o jur\u00eddico para servidores associados"},"content":{"rendered":"<p style=\"text-align: justify;\"><span style=\"font-size: inherit;\">Nesta segunda-feira (23), \u00e0s 9h, o Departamento Jur\u00eddico do SISMUC &#8211; Regional estar\u00e1 dispon\u00edvel para atendimento aos servidores associados, com objetivo de prestar esclarecimentos sobre FUNDEF, rateio de pagamento do Fundeb, reajuste e diferen\u00e7a salarial, bem como receber documenta\u00e7\u00f5es para an\u00e1lise.<\/span><\/p>\n<p style=\"text-align: justify;\">Os interessados devem providenciar as fichas financeiras dos \u00faltimos cinco anos, documentos pessoais, comprovante de resid\u00eancia e portaria de aposentadoria (caso esteja aposentado(a)<\/p>\n<p style=\"text-align: justify;\">A a\u00e7\u00e3o ser\u00e1 realizada no audit\u00f3rio do sindicato, localizado na Rua Padre F\u00e9lix Barreto, n\u00b0 50, centro de Caruaru. Telefones para contato (81) 3723-6542 ou 3719-7366.<\/p>\n<p style=\"text-align: justify;\">Foto da sede do Sismuc: Divulga\u00e7\u00e3o.<\/p>\n\n\n<figure class=\"wp-block-image size-large\"><img loading=\"lazy\" decoding=\"async\" width=\"1024\" height=\"1024\" src=\"https:\/\/blogdoedvaldomagalhaes.com.br\/wp-content\/uploads\/2022\/05\/IMG-20220521-WA0133-1024x1024.jpg\" alt=\"\" class=\"wp-image-83338\" srcset=\"https:\/\/blogdoedvaldomagalhaes.com.br\/wp-content\/uploads\/2022\/05\/IMG-20220521-WA0133-1024x1024.jpg 1024w, https:\/\/blogdoedvaldomagalhaes.com.br\/wp-content\/uploads\/2022\/05\/IMG-20220521-WA0133-300x300.jpg 300w, https:\/\/blogdoedvaldomagalhaes.com.br\/wp-content\/uploads\/2022\/05\/IMG-20220521-WA0133-150x150.jpg 150w, https:\/\/blogdoedvaldomagalhaes.com.br\/wp-content\/uploads\/2022\/05\/IMG-20220521-WA0133-768x768.jpg 768w, https:\/\/blogdoedvaldomagalhaes.com.br\/wp-content\/uploads\/2022\/05\/IMG-20220521-WA0133.jpg 1080w\" sizes=\"auto, (max-width: 1024px) 100vw, 1024px\" \/><\/figure>\n","protected":false},"excerpt":{"rendered":"<p>Nesta segunda-feira (23), \u00e0s 9h, o Departamento Jur\u00eddico do SISMUC &#8211; Regional estar\u00e1 dispon\u00edvel para atendimento aos servidores associados, com&hellip;<\/p>\n","protected":false},"author":1,"featured_media":83337,"comment_status":"open","ping_status":"open","sticky":false,"template":"","format":"standard","meta":{"footnotes":""},"categories":[14120],"tags":[2,19532,3406,24682],"class_list":["post-83336","post","type-post","status-publish","format-standard","has-post-thumbnail","hentry","category-noticias","tag-blog-do-edvaldo-magalhaes","tag-blog-mais-acessado-e-visualizado-de-caruaru-e-regiao","tag-caruaru","tag-sismuc-regional-realiza-plantao-juridico-para-servidores-associados"],"_links":{"self":[{"href":"https:\/\/blogdoedvaldomagalhaes.com.br\/index.php\/wp-json\/wp\/v2\/posts\/83336","targetHints":{"allow":["GET"]}}],"collection":[{"href":"https:\/\/blogdoedvaldomagalhaes.com.br\/index.php\/wp-json\/wp\/v2\/posts"}],"about":[{"href":"https:\/\/blogdoedvaldomagalhaes.com.br\/index.php\/wp-json\/wp\/v2\/types\/post"}],"author":[{"embeddable":true,"href":"https:\/\/blogdoedvaldomagalhaes.com.br\/index.php\/wp-json\/wp\/v2\/users\/1"}],"replies":[{"embeddable":true,"href":"https:\/\/blogdoedvaldomagalhaes.com.br\/index.php\/wp-json\/wp\/v2\/comments?post=83336"}],"version-history":[{"count":1,"href":"https:\/\/blogdoedvaldomagalhaes.com.br\/index.php\/wp-json\/wp\/v2\/posts\/83336\/revisions"}],"predecessor-version":[{"id":83339,"href":"https:\/\/blogdoedvaldomagalhaes.com.br\/index.php\/wp-json\/wp\/v2\/posts\/83336\/revisions\/83339"}],"wp:featuredmedia":[{"embeddable":true,"href":"https:\/\/blogdoedvaldomagalhaes.com.br\/index.php\/wp-json\/wp\/v2\/media\/83337"}],"wp:attachment":[{"href":"https:\/\/blogdoedvaldomagalhaes.com.br\/index.php\/wp-json\/wp\/v2\/media?parent=83336"}],"wp:term":[{"taxonomy":"category","embeddable":true,"href":"https:\/\/blogdoedvaldomagalhaes.com.br\/index.php\/wp-json\/wp\/v2\/categories?post=83336"},{"taxonomy":"post_tag","embeddable":true,"href":"https:\/\/blogdoedvaldomagalhaes.com.br\/index.php\/wp-json\/wp\/v2\/tags?post=83336"}],"curies":[{"name":"wp","href":"https:\/\/api.w.org\/{rel}","templated":true}]}}