{"id":83333,"date":"2022-05-21T13:06:08","date_gmt":"2022-05-21T16:06:08","guid":{"rendered":"https:\/\/blogdoedvaldomagalhaes.com.br\/?p=83333"},"modified":"2022-05-21T13:09:11","modified_gmt":"2022-05-21T16:09:11","slug":"dia-municipal-das-comidas-gigantes-sera-comemorado-em-caruaru-neste-domingo-22","status":"publish","type":"post","link":"https:\/\/blogdoedvaldomagalhaes.com.br\/index.php\/2022\/05\/21\/dia-municipal-das-comidas-gigantes-sera-comemorado-em-caruaru-neste-domingo-22\/","title":{"rendered":"Dia Municipal das Comidas Gigantes ser\u00e1 comemorado em Caruaru neste domingo (22)"},"content":{"rendered":"<p style=\"text-align: justify;\"><span style=\"font-size: inherit; text-align: justify;\">Neste domingo (22), ser\u00e1 comemorado o Dia Municipal das Comidas Gigantes. Para celebrar a data a Funda\u00e7\u00e3o de Cultura far\u00e1 uma mesa junina com todas as 43 iguarias, na rua Leudo Pontes Valen\u00e7a, no bairro Cidade Jardim, das 16h \u00e0s 20h, com<\/span><span style=\"font-size: inherit; text-align: justify;\"> Trio Mania, Trio da Pitu, e apresenta\u00e7\u00f5es de <\/span><span style=\"font-size: inherit; text-align: justify;\">Marquinhos Balada, <\/span><span style=\"font-size: inherit; text-align: justify;\">Banda Caru Forr\u00f3 e Edjailson. Haver\u00e1 Desfiles<\/span><span style=\"font-size: inherit; text-align: justify;\"> das Rainhas das Comidas Gigantes. <\/span><span style=\"font-size: inherit; text-align: justify;\">Ser\u00e1 servida muitas comidas regionais gratuitos.<\/span><\/p>\n<div id=\"post-body-8517252984684933718\" class=\"post-body entry-content\" style=\"text-align: justify;\">\n<p style=\"text-align: justify;\">A lei que estabelece 22 de maio como o Dia Municipal das Comidas Gigantes foi sancionada em 2018.<\/p>\n<p style=\"text-align: justify;\"><b>Hist\u00f3ria das Comidas Gigantes:<\/b><\/p>\n<p style=\"text-align: justify;\">Nem sempre os tempos foram f\u00e1ceis no interior de Pernambuco. Todos brincavam o S\u00e3o Jo\u00e3o, mas algumas coisas ainda eram exclusivas de quem possu\u00eda uma melhor condi\u00e7\u00e3o financeira e, por incr\u00edvel que pare\u00e7a, uma delas era comer pamonha. Na \u00e9poca essa era uma comida junina \u201ccara\u201d e foi isso que motivou Margarida e Jos\u00e9 Moreira, com ajuda de alguns amigos, a fazer uma pamonha para celebrar em grande estilo o S\u00e3o Jo\u00e3o de 1990.<\/p>\n<p style=\"text-align: justify;\">A primeira guloseima feita teve modestos de 3,8kg, grande em compara\u00e7\u00e3o ao tamanho em que uma pamonha \u00e9 geralmente feita, mas esse peso aumentou e chegou a 340kg. Um dos inspirados por essa del\u00edcia de milho em grandes propor\u00e7\u00f5es foi o primo de Margarida, Augusto Soares, conhecido na cidade como Augusto Eventos, que em 1994 teve a ideia de criar o Cuscuz Gigante.<\/p>\n<p style=\"text-align: justify;\">Depois, vieram as diversas comidas gigantes e, atualmente, quase 40 festas s\u00e3o realizadas durante o ciclo junino. Tr\u00eas grupos de organizadores existem no munic\u00edpio: Associa\u00e7\u00e3o dos Idealizadores das Comidas Gigantes de Caruaru; Uni\u00e3o das Comidas Gigantes de Caruaru e Movimento dos Idealizadores das Comidas Gigantes de Caruaru. H\u00e1 ainda algumas comidas que s\u00e3o organizadas de forma independente.<\/p>\n<p>Foto: Reprodu\u00e7\u00e3o\/Blog do Edvaldo Magalh\u00e3es.<\/p>\n<\/div>\n","protected":false},"excerpt":{"rendered":"<p>Neste domingo (22), ser\u00e1 comemorado o Dia Municipal das Comidas Gigantes. Para celebrar a data a Funda\u00e7\u00e3o de Cultura far\u00e1&hellip;<\/p>\n","protected":false},"author":1,"featured_media":9631,"comment_status":"open","ping_status":"open","sticky":false,"template":"","format":"standard","meta":{"footnotes":""},"categories":[14120],"tags":[2,19532,3406,24681],"class_list":["post-83333","post","type-post","status-publish","format-standard","has-post-thumbnail","hentry","category-noticias","tag-blog-do-edvaldo-magalhaes","tag-blog-mais-acessado-e-visualizado-de-caruaru-e-regiao","tag-caruaru","tag-dia-municipal-das-comidas-gigantes-sera-comemorado-em-caruaru-neste-domingo-22"],"_links":{"self":[{"href":"https:\/\/blogdoedvaldomagalhaes.com.br\/index.php\/wp-json\/wp\/v2\/posts\/83333","targetHints":{"allow":["GET"]}}],"collection":[{"href":"https:\/\/blogdoedvaldomagalhaes.com.br\/index.php\/wp-json\/wp\/v2\/posts"}],"about":[{"href":"https:\/\/blogdoedvaldomagalhaes.com.br\/index.php\/wp-json\/wp\/v2\/types\/post"}],"author":[{"embeddable":true,"href":"https:\/\/blogdoedvaldomagalhaes.com.br\/index.php\/wp-json\/wp\/v2\/users\/1"}],"replies":[{"embeddable":true,"href":"https:\/\/blogdoedvaldomagalhaes.com.br\/index.php\/wp-json\/wp\/v2\/comments?post=83333"}],"version-history":[{"count":2,"href":"https:\/\/blogdoedvaldomagalhaes.com.br\/index.php\/wp-json\/wp\/v2\/posts\/83333\/revisions"}],"predecessor-version":[{"id":83335,"href":"https:\/\/blogdoedvaldomagalhaes.com.br\/index.php\/wp-json\/wp\/v2\/posts\/83333\/revisions\/83335"}],"wp:featuredmedia":[{"embeddable":true,"href":"https:\/\/blogdoedvaldomagalhaes.com.br\/index.php\/wp-json\/wp\/v2\/media\/9631"}],"wp:attachment":[{"href":"https:\/\/blogdoedvaldomagalhaes.com.br\/index.php\/wp-json\/wp\/v2\/media?parent=83333"}],"wp:term":[{"taxonomy":"category","embeddable":true,"href":"https:\/\/blogdoedvaldomagalhaes.com.br\/index.php\/wp-json\/wp\/v2\/categories?post=83333"},{"taxonomy":"post_tag","embeddable":true,"href":"https:\/\/blogdoedvaldomagalhaes.com.br\/index.php\/wp-json\/wp\/v2\/tags?post=83333"}],"curies":[{"name":"wp","href":"https:\/\/api.w.org\/{rel}","templated":true}]}}