{"id":83324,"date":"2022-05-21T11:31:54","date_gmt":"2022-05-21T14:31:54","guid":{"rendered":"https:\/\/blogdoedvaldomagalhaes.com.br\/?p=83324"},"modified":"2022-05-21T19:12:03","modified_gmt":"2022-05-21T22:12:03","slug":"comerciante-e-assassinado-dentro-do-proprio-estabelecimento-em-caruaru","status":"publish","type":"post","link":"https:\/\/blogdoedvaldomagalhaes.com.br\/index.php\/2022\/05\/21\/comerciante-e-assassinado-dentro-do-proprio-estabelecimento-em-caruaru\/","title":{"rendered":"Comerciante \u00e9 assassinado dentro do pr\u00f3prio estabelecimento em Caruaru"},"content":{"rendered":"<p style=\"text-align: justify;\">Um homic\u00eddio foi registrado dentro de um estabelecimento comercial em Caruaru, na manh\u00e3 deste s\u00e1bado (21). Anderson Jos\u00e9 dos Souza, conhecido como Anderson do Camar\u00e3o, 34 anos, que morava no s\u00edtio Boas Novas, no munic\u00edpio de Bezerros, no Agreste de Pernambuco, foi assassinado a tiros, na rua Maria Merandolina, no Alto da Balan\u00e7a, em Caruaru.<\/p>\n<p style=\"text-align: justify;\">A v\u00edtima estava sozinha na peixaria, onde foi morta por um homem que adentrou no estabelecimento, efetuou cerca de cinco disparos contra o comerciante e se evadiu com o rev\u00f3lver em punho.<\/p>\n<p style=\"text-align: justify;\">A delegada Erica Feitosa, est\u00e1 de Plant\u00e3o na For\u00e7a Tarefa de Homic\u00eddios, e afirmou que o algoz ap\u00f3s matar a v\u00edtima fugiu do local com ajuda de algu\u00e9m que\u00a0 o esperava num ve\u00edculo que estava em uma rua pr\u00f3xima da peixaria. De acordo com a delegada o com\u00e9rcio tem monitoramento, por\u00e9m, a c\u00e2mera s\u00f3 filma em tempo real e n\u00e3o grava.\u00a0<\/p>\n<p style=\"text-align: justify;\">A autoria do crime ainda \u00e9 desconhecida. O corpo foi encaminhado para o Instituto de Medicina Legal &#8211; IML.<\/p>\n<p style=\"text-align: justify;\">Esse foi o 6\u00b0 homic\u00eddio no m\u00eas de maio, e o 28\u00b0 no ano de 2022, em Caruaru.<\/p>\n\n\n<figure class=\"wp-block-image size-large\"><img loading=\"lazy\" decoding=\"async\" width=\"912\" height=\"1024\" src=\"https:\/\/blogdoedvaldomagalhaes.com.br\/wp-content\/uploads\/2022\/05\/IMG-20220521-WA0094-912x1024.jpg\" alt=\"\" class=\"wp-image-83327\" srcset=\"https:\/\/blogdoedvaldomagalhaes.com.br\/wp-content\/uploads\/2022\/05\/IMG-20220521-WA0094-912x1024.jpg 912w, https:\/\/blogdoedvaldomagalhaes.com.br\/wp-content\/uploads\/2022\/05\/IMG-20220521-WA0094-267x300.jpg 267w, https:\/\/blogdoedvaldomagalhaes.com.br\/wp-content\/uploads\/2022\/05\/IMG-20220521-WA0094-768x862.jpg 768w, https:\/\/blogdoedvaldomagalhaes.com.br\/wp-content\/uploads\/2022\/05\/IMG-20220521-WA0094.jpg 1070w\" sizes=\"auto, (max-width: 912px) 100vw, 912px\" \/><figcaption>Foto da v\u00edtima: Reprodu\u00e7\u00e3o\/Redes Sociais<\/figcaption><\/figure>\n","protected":false},"excerpt":{"rendered":"<p>Um homic\u00eddio foi registrado dentro de um estabelecimento comercial em Caruaru, na manh\u00e3 deste s\u00e1bado (21). Anderson Jos\u00e9 dos Souza,&hellip;<\/p>\n","protected":false},"author":1,"featured_media":83325,"comment_status":"open","ping_status":"open","sticky":false,"template":"","format":"standard","meta":{"footnotes":""},"categories":[14121],"tags":[2,19532,3406,24680],"class_list":["post-83324","post","type-post","status-publish","format-standard","has-post-thumbnail","hentry","category-policial","tag-blog-do-edvaldo-magalhaes","tag-blog-mais-acessado-e-visualizado-de-caruaru-e-regiao","tag-caruaru","tag-comerciante-e-assassinado-dentro-do-proprio-estabelecimento-em-caruaru"],"_links":{"self":[{"href":"https:\/\/blogdoedvaldomagalhaes.com.br\/index.php\/wp-json\/wp\/v2\/posts\/83324","targetHints":{"allow":["GET"]}}],"collection":[{"href":"https:\/\/blogdoedvaldomagalhaes.com.br\/index.php\/wp-json\/wp\/v2\/posts"}],"about":[{"href":"https:\/\/blogdoedvaldomagalhaes.com.br\/index.php\/wp-json\/wp\/v2\/types\/post"}],"author":[{"embeddable":true,"href":"https:\/\/blogdoedvaldomagalhaes.com.br\/index.php\/wp-json\/wp\/v2\/users\/1"}],"replies":[{"embeddable":true,"href":"https:\/\/blogdoedvaldomagalhaes.com.br\/index.php\/wp-json\/wp\/v2\/comments?post=83324"}],"version-history":[{"count":6,"href":"https:\/\/blogdoedvaldomagalhaes.com.br\/index.php\/wp-json\/wp\/v2\/posts\/83324\/revisions"}],"predecessor-version":[{"id":83347,"href":"https:\/\/blogdoedvaldomagalhaes.com.br\/index.php\/wp-json\/wp\/v2\/posts\/83324\/revisions\/83347"}],"wp:featuredmedia":[{"embeddable":true,"href":"https:\/\/blogdoedvaldomagalhaes.com.br\/index.php\/wp-json\/wp\/v2\/media\/83325"}],"wp:attachment":[{"href":"https:\/\/blogdoedvaldomagalhaes.com.br\/index.php\/wp-json\/wp\/v2\/media?parent=83324"}],"wp:term":[{"taxonomy":"category","embeddable":true,"href":"https:\/\/blogdoedvaldomagalhaes.com.br\/index.php\/wp-json\/wp\/v2\/categories?post=83324"},{"taxonomy":"post_tag","embeddable":true,"href":"https:\/\/blogdoedvaldomagalhaes.com.br\/index.php\/wp-json\/wp\/v2\/tags?post=83324"}],"curies":[{"name":"wp","href":"https:\/\/api.w.org\/{rel}","templated":true}]}}