{"id":8332,"date":"2016-09-12T01:26:00","date_gmt":"2016-09-12T04:26:00","guid":{"rendered":"http:\/\/blogdoedvaldomagalhaes.com.br\/index.php\/2016\/09\/12\/candidaturas-de-erick-lessa-e-sandro\/"},"modified":"2019-02-09T00:58:43","modified_gmt":"2019-02-09T02:58:43","slug":"candidaturas-de-erick-lessa-e-sandro","status":"publish","type":"post","link":"https:\/\/blogdoedvaldomagalhaes.com.br\/index.php\/2016\/09\/12\/candidaturas-de-erick-lessa-e-sandro\/","title":{"rendered":"Candidaturas de Erick Lessa e Sandro Vila Nova s\u00e3o indeferidas pela Justi\u00e7a Eleitoral"},"content":{"rendered":"<div class=\"separator\" style=\"clear: both; text-align: center;\">\n<a href=\"https:\/\/2.bp.blogspot.com\/-iBLKzMBmKq8\/V9YGvtUPi1I\/AAAAAAAAGNs\/Af25taSL3MwwzFZmuUsqwfpBSnMOFxcswCLcB\/s1600\/erick.jpg\" imageanchor=\"1\" style=\"margin-left: 1em; margin-right: 1em;\"><img loading=\"lazy\" decoding=\"async\" border=\"0\" height=\"240\" src=\"http:\/\/blogdoedvaldomagalhaes.com.br\/wp-content\/uploads\/2016\/09\/erick.jpg\" width=\"400\" \/><\/a><\/div>\n<div class=\"separator\" style=\"clear: both; text-align: center;\">\n<\/div>\n<div class=\"separator\" style=\"clear: both; text-align: justify;\">\nA Ju\u00edza do Registro das candidaturas, Orleide Roselia Nascimento da Silva, indeferiu o pedido de candidaturas de Erick Lessa (PR) e Sandro Vila Nova (REDE), para prefeito e vice, respectivamente. A senten\u00e7a foi publicada no site do TRE de Pernambuco. De acordo com o texto da senten\u00e7a, o \u201cArt. 49. Os pedidos de registro das chapas majorit\u00e1rias ser\u00e3o julgados em uma \u00fanica decis\u00e3o por chapa, com o exame individualizado de cada uma das candidaturas, e somente ser\u00e3o deferidos se ambos os candidatos forem considerados aptos, n\u00e3o podendo ser deferidos os registros sob condi\u00e7\u00e3o.\u201d<\/div>\n<p><\/p>\n<table cellpadding=\"0\" cellspacing=\"0\" style=\"font-family: &quot;Trebuchet MS&quot;, Arial, Helvetica, sans-serif; width: 100%px;\">\n<tbody>\n<tr class=\"tdlimpoImpar\" style=\"background: rgb(234, 234, 234); height: 20px; padding: 5px 0px 0px 4px;\">\n<td align=\"right\" style=\"height: 25px;\" width=\"15%\"><b>PROCESSO:<\/b><\/td>\n<td style=\"height: 25px;\" width=\"1%\"><\/td>\n<td style=\"height: 25px;\" width=\"58%\">N\u00ba 45854 &#8211; REGISTRO DE CANDIDATURA&nbsp;<b>UF:<\/b>&nbsp;PE<\/td>\n<td bgcolor=\"#FFFF80\" style=\"height: 25px;\" width=\"26%\">\n<div align=\"center\">\n105\u00aa ZONA ELEITORAL<\/div>\n<\/td>\n<\/tr>\n<tr class=\"tdlimpoPar\" style=\"height: 20px; padding: 5px 0px 0px 4px;\">\n<td align=\"right\" style=\"height: 25px;\" width=\"15%\"><b>N\u00ba \u00daNICO:<\/b><\/td>\n<td style=\"height: 25px;\" width=\"1%\"><\/td>\n<td style=\"height: 25px;\" width=\"61%\">45854.2016.617.0105<\/td>\n<td style=\"height: 25px;\" width=\"23%\"><\/td>\n<\/tr>\n<tr class=\"tdlimpoImpar\" style=\"background: rgb(234, 234, 234); height: 20px; padding: 5px 0px 0px 4px;\">\n<td align=\"right\" style=\"height: 25px;\" width=\"15%\"><b>MUNIC\u00cdPIO:<\/b><\/td>\n<td style=\"height: 25px;\" width=\"1%\"><\/td>\n<td style=\"height: 25px;\" width=\"58%\">CARUARU &#8211; PE<\/td>\n<td style=\"height: 25px;\" width=\"26%\"><b>N.\u00b0 Origem:<\/b><\/td>\n<\/tr>\n<tr class=\"tdlimpoPar\" style=\"height: 20px; padding: 5px 0px 0px 4px;\">\n<td align=\"right\" style=\"height: 25px;\" width=\"15%\"><b>PROTOCOLO:<\/b><\/td>\n<td style=\"height: 25px;\" width=\"1%\"><\/td>\n<td style=\"height: 25px;\" width=\"58%\">682962016 &#8211; 15\/08\/2016 18:57<\/td>\n<td style=\"height: 25px;\" width=\"26%\"><\/td>\n<\/tr>\n<tr class=\"tdlimpoImpar\" style=\"background: rgb(234, 234, 234); height: 20px; padding: 5px 0px 0px 4px;\">\n<td align=\"right\" style=\"height: 25px;\" width=\"15%\"><b>REQUERENTE(S):<\/b><\/td>\n<td style=\"height: 25px;\" width=\"1%\"><\/td>\n<td colspan=\"2\" style=\"height: 25px;\" width=\"84%\">COLIGA\u00c7\u00c3O A CARUARU DO FUTURO COME\u00c7A AGORA (PR \/ PSC \/ REDE)<\/td>\n<\/tr>\n<tr class=\"tdlimpoPar\" style=\"height: 20px; padding: 5px 0px 0px 4px;\">\n<td align=\"right\" style=\"height: 25px;\" width=\"15%\"><b>CANDIDATO:<\/b><\/td>\n<td style=\"height: 25px;\" width=\"1%\"><\/td>\n<td colspan=\"2\" style=\"height: 25px;\" width=\"84%\">ERICK DA SILVA LESSA, CARGO PREFEITO, N\u00ba: 22<\/td>\n<\/tr>\n<tr class=\"tdlimpoImpar\" style=\"background: rgb(234, 234, 234); height: 20px; padding: 5px 0px 0px 4px;\">\n<td align=\"right\" style=\"height: 25px;\" width=\"15%\"><b>JUIZ(A):<\/b><\/td>\n<td style=\"height: 25px;\" width=\"1%\"><\/td>\n<td style=\"height: 25px;\" width=\"58%\">ORLEIDE ROS\u00c9LIA NASCIMENTO SILVA<\/td>\n<td style=\"height: 25px;\" width=\"26%\"><\/td>\n<\/tr>\n<tr class=\"tdlimpoPar\" style=\"height: 20px; padding: 5px 0px 0px 4px;\">\n<td align=\"right\" style=\"height: 25px;\" valign=\"top\" width=\"15%\"><b>ASSUNTO:<\/b><\/td>\n<td style=\"height: 25px;\" width=\"1%\"><\/td>\n<td style=\"height: 25px;\" width=\"58%\">DIREITO ELEITORAL &#8211; Elei\u00e7\u00f5es &#8211; Candidatos &#8211; Registro de Candidatura &#8211; Cargos &#8211; Cargo &#8211; Prefeito<\/td>\n<td style=\"height: 25px;\" width=\"26%\"><\/td>\n<\/tr>\n<tr class=\"tdlimpoImpar\" style=\"background: rgb(234, 234, 234); height: 20px; padding: 5px 0px 0px 4px;\">\n<td align=\"right\" style=\"height: 25px;\" width=\"15%\"><b>LOCALIZA\u00c7\u00c3O:<\/b><\/td>\n<td style=\"height: 25px;\" width=\"1%\"><\/td>\n<td style=\"height: 25px;\" width=\"58%\">ZE105-105\u00aa Zona Eleitoral<\/td>\n<td style=\"height: 25px;\" width=\"26%\"><\/td>\n<\/tr>\n<tr class=\"tdlimpoPar\" style=\"height: 20px; padding: 5px 0px 0px 4px;\">\n<td align=\"right\" style=\"height: 25px;\" width=\"15%\"><b>FASE ATUAL:<\/b><\/td>\n<td style=\"height: 25px;\" width=\"1%\"><\/td>\n<td colspan=\"2\" style=\"height: 25px;\" width=\"84%\">11\/09\/2016 18:38-Publica\u00e7\u00e3o em 11\/09\/2016 Publicado no Mural . Senten\u00e7a de 11\/09\/2016.<\/td>\n<\/tr>\n<\/tbody>\n<\/table>\n<div style=\"text-align: justify;\">\n<\/div>\n<div style=\"text-align: justify;\">\n\u201cISSO POSTO, com fundamento nos artigos 49 e 51 da Resolu\u00e7\u00e3o TSE 23.455\/2015, e, ainda, acolhendo parcialmente o parecer ministerial, entendendo que o candidato a vice-prefeito SANDRO ANGELO DE ARAUJO OLIVEIRA VASCONCELOS VILA NOVA n\u00e3o preenche os necess\u00e1rios requisitos para compor a chapa majorit\u00e1ria, INDEFIRO, em conjunto, os pedidos de registro das candidaturas de ERICK DA SILVA LESSA e SANDRO ANGELO DE ARAUJO OLIVEIRA VASCONCELOS VILA NOVA, para concorrerem como Chapa Majorit\u00e1ria da Coliga\u00e7\u00e3o A CARUARU DO FUTURO COME\u00c7A AGORA, ao cargo de Prefeito e Vice Prefeito, respectivamente, sob o n\u00famero 22, com as seguintes op\u00e7\u00f5es de nome: DELEGADO LESSA e SANDRO VILA NOVA\u201d, diz trecho da senten\u00e7a. assinada pela Ju\u00edza Orleide Ros\u00e9lia Nascimento Silva, da 105\u00aa Zona Eleitoral.<\/div>\n","protected":false},"excerpt":{"rendered":"<p>A Ju\u00edza do Registro das candidaturas, Orleide Roselia Nascimento da Silva, indeferiu o pedido de candidaturas de Erick Lessa (PR)&hellip;<\/p>\n","protected":false},"author":1,"featured_media":0,"comment_status":"open","ping_status":"open","sticky":false,"template":"","format":"standard","meta":{"footnotes":""},"categories":[1],"tags":[2,12317,3121,20],"class_list":["post-8332","post","type-post","status-publish","format-standard","hentry","category-sem-categoria","tag-blog-do-edvaldo-magalhaes","tag-candidaturas-de-erick-lessa-e-sandro-vila-nova-sao-indeferidas-pela-justica-eleitoral","tag-noticias-da-politica","tag-politica"],"_links":{"self":[{"href":"https:\/\/blogdoedvaldomagalhaes.com.br\/index.php\/wp-json\/wp\/v2\/posts\/8332","targetHints":{"allow":["GET"]}}],"collection":[{"href":"https:\/\/blogdoedvaldomagalhaes.com.br\/index.php\/wp-json\/wp\/v2\/posts"}],"about":[{"href":"https:\/\/blogdoedvaldomagalhaes.com.br\/index.php\/wp-json\/wp\/v2\/types\/post"}],"author":[{"embeddable":true,"href":"https:\/\/blogdoedvaldomagalhaes.com.br\/index.php\/wp-json\/wp\/v2\/users\/1"}],"replies":[{"embeddable":true,"href":"https:\/\/blogdoedvaldomagalhaes.com.br\/index.php\/wp-json\/wp\/v2\/comments?post=8332"}],"version-history":[{"count":1,"href":"https:\/\/blogdoedvaldomagalhaes.com.br\/index.php\/wp-json\/wp\/v2\/posts\/8332\/revisions"}],"predecessor-version":[{"id":12308,"href":"https:\/\/blogdoedvaldomagalhaes.com.br\/index.php\/wp-json\/wp\/v2\/posts\/8332\/revisions\/12308"}],"wp:attachment":[{"href":"https:\/\/blogdoedvaldomagalhaes.com.br\/index.php\/wp-json\/wp\/v2\/media?parent=8332"}],"wp:term":[{"taxonomy":"category","embeddable":true,"href":"https:\/\/blogdoedvaldomagalhaes.com.br\/index.php\/wp-json\/wp\/v2\/categories?post=8332"},{"taxonomy":"post_tag","embeddable":true,"href":"https:\/\/blogdoedvaldomagalhaes.com.br\/index.php\/wp-json\/wp\/v2\/tags?post=8332"}],"curies":[{"name":"wp","href":"https:\/\/api.w.org\/{rel}","templated":true}]}}