{"id":8330,"date":"2016-09-12T03:37:00","date_gmt":"2016-09-12T06:37:00","guid":{"rendered":"http:\/\/blogdoedvaldomagalhaes.com.br\/index.php\/2016\/09\/12\/advogado-de-erick-lessa-entra-co\/"},"modified":"2019-02-09T00:58:43","modified_gmt":"2019-02-09T02:58:43","slug":"advogado-de-erick-lessa-entra-co","status":"publish","type":"post","link":"https:\/\/blogdoedvaldomagalhaes.com.br\/index.php\/2016\/09\/12\/advogado-de-erick-lessa-entra-co\/","title":{"rendered":"Advogado de Erick Lessa entra com recurso na justi\u00e7a para rever indeferimento"},"content":{"rendered":"<div class=\"separator\" style=\"clear: both; text-align: center;\">\n<a href=\"https:\/\/2.bp.blogspot.com\/-t-7f00J9gLg\/V9YiyDavh7I\/AAAAAAAAGOA\/veJsx7xcNIw6lfZIV_-w9a7BLSHh1eZKACLcB\/s1600\/erick.jpg\" imageanchor=\"1\" style=\"margin-left: 1em; margin-right: 1em;\"><img loading=\"lazy\" decoding=\"async\" border=\"0\" height=\"400\" src=\"http:\/\/blogdoedvaldomagalhaes.com.br\/wp-content\/uploads\/2016\/09\/erick-1.jpg\" width=\"400\" \/><\/a><\/div>\n<div class=\"separator\" style=\"clear: both; text-align: center;\">\n<\/div>\n<div style=\"background-color: white; border: 0px; line-height: 25.6px; margin-bottom: 1.5em; outline: 0px; padding: 0px; text-align: justify; vertical-align: baseline;\">\nO advogado Walber Agra do candidato a prefeito de Caruaru, Erick Lessa (PR), entra nesta segunda-feira (12) com um recurso junto \u00e0 Justi\u00e7a Eleitoral para reverter a decis\u00e3o da 105\u00aa Zona Eleitoral, Orleide Ros\u00e9lia Nascimento Silva, que indeferiu as candidaturas de Lessa e Sandro, na uni\u00e3o do PR e PSC com a Rede.<\/div>\n<div style=\"background-color: white; border: 0px; line-height: 25.6px; margin-bottom: 1.5em; outline: 0px; padding: 0px; text-align: justify; vertical-align: baseline;\">\nSegundo o advogado Walber \u201c\u00e9 uma decis\u00e3o da ju\u00edza que deixa claro pela anula\u00e7\u00e3o das conven\u00e7\u00f5es da REDE do dia 4 e do dia 5 e n\u00e3o conclu\u00edmos que houve o indeferimento da candidatura de Lessa. Isso n\u00e3o \u00e9 verdade. A ju\u00edza apenas anula as duas conven\u00e7\u00f5es e dentro do prazo legal de dez dias ele vai ter que substituir o vice, esse \u00e9 o teor literal das duas senten\u00e7as proferidas pela Ju\u00edza. Vamos recorrer da decis\u00e3o e o recurso tem efeito suspensivo. Esclare\u00e7o, por fim, que, com a presente decis\u00e3o, abre-se a possibilidade da coliga\u00e7\u00e3o indicar novos candidatos em substitui\u00e7\u00e3o daqueles indicados pelo partido REDE\u201d, disse ele. &nbsp;&nbsp;<br \/>\nSandro Vila Nova deixar\u00e1 a chapa e um novo nome de candidato a vice ser\u00e1 anunciado na tainda hoje, para concorrer as elei\u00e7\u00f5es com Erick Lessa.<\/div>\n","protected":false},"excerpt":{"rendered":"<p>O advogado Walber Agra do candidato a prefeito de Caruaru, Erick Lessa (PR), entra nesta segunda-feira (12) com um recurso&hellip;<\/p>\n","protected":false},"author":1,"featured_media":0,"comment_status":"open","ping_status":"open","sticky":false,"template":"","format":"standard","meta":{"footnotes":""},"categories":[1],"tags":[12314,2,11466,20,11487,12165,12315],"class_list":["post-8330","post","type-post","status-publish","format-standard","hentry","category-sem-categoria","tag-advogado-de-erick-lessa-entra-com-recurso-na-justica-para-rever-indeferimento","tag-blog-do-edvaldo-magalhaes","tag-orleide-roselia-nascimento-silva","tag-politica","tag-pr","tag-sandro-vila-nova","tag-walber-agra"],"_links":{"self":[{"href":"https:\/\/blogdoedvaldomagalhaes.com.br\/index.php\/wp-json\/wp\/v2\/posts\/8330","targetHints":{"allow":["GET"]}}],"collection":[{"href":"https:\/\/blogdoedvaldomagalhaes.com.br\/index.php\/wp-json\/wp\/v2\/posts"}],"about":[{"href":"https:\/\/blogdoedvaldomagalhaes.com.br\/index.php\/wp-json\/wp\/v2\/types\/post"}],"author":[{"embeddable":true,"href":"https:\/\/blogdoedvaldomagalhaes.com.br\/index.php\/wp-json\/wp\/v2\/users\/1"}],"replies":[{"embeddable":true,"href":"https:\/\/blogdoedvaldomagalhaes.com.br\/index.php\/wp-json\/wp\/v2\/comments?post=8330"}],"version-history":[{"count":1,"href":"https:\/\/blogdoedvaldomagalhaes.com.br\/index.php\/wp-json\/wp\/v2\/posts\/8330\/revisions"}],"predecessor-version":[{"id":12312,"href":"https:\/\/blogdoedvaldomagalhaes.com.br\/index.php\/wp-json\/wp\/v2\/posts\/8330\/revisions\/12312"}],"wp:attachment":[{"href":"https:\/\/blogdoedvaldomagalhaes.com.br\/index.php\/wp-json\/wp\/v2\/media?parent=8330"}],"wp:term":[{"taxonomy":"category","embeddable":true,"href":"https:\/\/blogdoedvaldomagalhaes.com.br\/index.php\/wp-json\/wp\/v2\/categories?post=8330"},{"taxonomy":"post_tag","embeddable":true,"href":"https:\/\/blogdoedvaldomagalhaes.com.br\/index.php\/wp-json\/wp\/v2\/tags?post=8330"}],"curies":[{"name":"wp","href":"https:\/\/api.w.org\/{rel}","templated":true}]}}