{"id":833,"date":"2018-11-01T13:51:00","date_gmt":"2018-11-01T15:51:00","guid":{"rendered":"http:\/\/blogdoedvaldomagalhaes.com.br\/index.php\/2018\/11\/01\/feira-de-flores-para-o-dia-de-finados\/"},"modified":"2019-02-09T02:37:48","modified_gmt":"2019-02-09T04:37:48","slug":"feira-de-flores-para-o-dia-de-finados","status":"publish","type":"post","link":"https:\/\/blogdoedvaldomagalhaes.com.br\/index.php\/2018\/11\/01\/feira-de-flores-para-o-dia-de-finados\/","title":{"rendered":"Feira de Flores para o Dia de Finados em Caruaru"},"content":{"rendered":"<div class=\"separator\" style=\"clear: both; text-align: center;\">\n<a href=\"https:\/\/3.bp.blogspot.com\/-x-tL7388ihQ\/W9sDATgSjWI\/AAAAAAAA8v4\/CiIHk3J8xggmw9AeGrzQDLPu2mgQ46QGACLcBGAs\/s1600\/IMG_20181101_103724412.jpg\" imageanchor=\"1\" style=\"margin-left: 1em; margin-right: 1em;\"><img loading=\"lazy\" decoding=\"async\" border=\"0\" data-original-height=\"1200\" data-original-width=\"1600\" height=\"480\" src=\"http:\/\/blogdoedvaldomagalhaes.com.br\/wp-content\/uploads\/2018\/11\/IMG_20181101_103724412.jpg\" width=\"640\" \/><\/a><\/div>\n<p><\/p>\n<div class=\"separator\" style=\"clear: both; text-align: center;\">\n<a href=\"https:\/\/4.bp.blogspot.com\/-Dge60qsy-0A\/W9sDCOlc8gI\/AAAAAAAA8v8\/cwdTH46vfqE-12VWTE3nfDoKzG6TTC5kwCLcBGAs\/s1600\/IMG_20181101_103717401.jpg\" imageanchor=\"1\" style=\"margin-left: 1em; margin-right: 1em;\"><img loading=\"lazy\" decoding=\"async\" border=\"0\" data-original-height=\"1200\" data-original-width=\"1600\" height=\"480\" src=\"http:\/\/blogdoedvaldomagalhaes.com.br\/wp-content\/uploads\/2018\/11\/IMG_20181101_103717401.jpg\" width=\"640\" \/><\/a><\/div>\n<p><\/p>\n<div class=\"separator\" style=\"clear: both; text-align: center;\">\n<a href=\"https:\/\/2.bp.blogspot.com\/-vfrVMwNGuJs\/W9sDEqiTKKI\/AAAAAAAA8wA\/yiMWoTdg3dEFMp8SHKFoY1Ya8iYjJAXKgCLcBGAs\/s1600\/IMG_20181101_103740504.jpg\" imageanchor=\"1\" style=\"margin-left: 1em; margin-right: 1em;\"><img loading=\"lazy\" decoding=\"async\" border=\"0\" data-original-height=\"1200\" data-original-width=\"1600\" height=\"480\" src=\"http:\/\/blogdoedvaldomagalhaes.com.br\/wp-content\/uploads\/2018\/11\/IMG_20181101_103740504.jpg\" width=\"640\" \/><\/a><\/div>\n<p><\/p>\n<div class=\"separator\" style=\"clear: both; text-align: center;\">\n<a href=\"https:\/\/4.bp.blogspot.com\/-reDMelqq95w\/W9sDIKzBvKI\/AAAAAAAA8wE\/CHoChYOQ-QMpsCOnEfWpMcuMGq_sz4r8wCLcBGAs\/s1600\/IMG_20181101_103818657.jpg\" imageanchor=\"1\" style=\"margin-left: 1em; margin-right: 1em;\"><img loading=\"lazy\" decoding=\"async\" border=\"0\" data-original-height=\"1200\" data-original-width=\"1600\" height=\"480\" src=\"http:\/\/blogdoedvaldomagalhaes.com.br\/wp-content\/uploads\/2018\/11\/IMG_20181101_103818657.jpg\" width=\"640\" \/><\/a><\/div>\n<p><\/p>\n<div class=\"separator\" style=\"clear: both; text-align: center;\">\n<a href=\"https:\/\/3.bp.blogspot.com\/-gVE-Wol5lCI\/W9sDLc8oX5I\/AAAAAAAA8wI\/NcXBFCL9cMscsMST_Vha9Knh8ySN9wxWgCLcBGAs\/s1600\/IMG_20181101_103833233_HDR.jpg\" imageanchor=\"1\" style=\"margin-left: 1em; margin-right: 1em;\"><img loading=\"lazy\" decoding=\"async\" border=\"0\" data-original-height=\"1200\" data-original-width=\"1600\" height=\"480\" src=\"http:\/\/blogdoedvaldomagalhaes.com.br\/wp-content\/uploads\/2018\/11\/IMG_20181101_103833233_HDR.jpg\" width=\"640\" \/><\/a><\/div>\n<p><\/p>\n<div class=\"separator\" style=\"clear: both; text-align: center;\">\n<a href=\"https:\/\/3.bp.blogspot.com\/-2M5xalcjCME\/W9sDONx6yYI\/AAAAAAAA8wM\/eygDH6Htbts8vK-G8Xyg2-_L4tyhn0XBgCLcBGAs\/s1600\/IMG_20181101_103844383_HDR.jpg\" imageanchor=\"1\" style=\"margin-left: 1em; margin-right: 1em;\"><img loading=\"lazy\" decoding=\"async\" border=\"0\" data-original-height=\"1200\" data-original-width=\"1600\" height=\"480\" src=\"http:\/\/blogdoedvaldomagalhaes.com.br\/wp-content\/uploads\/2018\/11\/IMG_20181101_103844383_HDR.jpg\" width=\"640\" \/><\/a><\/div>\n<p><\/p>\n<div class=\"separator\" style=\"clear: both; text-align: center;\">\n<a href=\"https:\/\/2.bp.blogspot.com\/-ixUuXgrLgzs\/W9sDRVyoRJI\/AAAAAAAA8wQ\/YsvgQsTJw7gOlEVUJVe17iBAPcQGHkkBgCLcBGAs\/s1600\/IMG_20181101_103909697_HDR.jpg\" imageanchor=\"1\" style=\"margin-left: 1em; margin-right: 1em;\"><img loading=\"lazy\" decoding=\"async\" border=\"0\" data-original-height=\"1200\" data-original-width=\"1600\" height=\"480\" src=\"http:\/\/blogdoedvaldomagalhaes.com.br\/wp-content\/uploads\/2018\/11\/IMG_20181101_103909697_HDR.jpg\" width=\"640\" \/><\/a><\/div>\n<p><\/p>\n<div class=\"separator\" style=\"clear: both; text-align: center;\">\n<a href=\"https:\/\/2.bp.blogspot.com\/-QPFBdwdl9E4\/W9sDS-w3CiI\/AAAAAAAA8wY\/4PqmJ2R0MbowwU-tdWBKXLR1_EnrnOeKACLcBGAs\/s1600\/IMG_20181101_103936683_HDR.jpg\" imageanchor=\"1\" style=\"margin-left: 1em; margin-right: 1em;\"><img loading=\"lazy\" decoding=\"async\" border=\"0\" data-original-height=\"1200\" data-original-width=\"1600\" height=\"480\" src=\"http:\/\/blogdoedvaldomagalhaes.com.br\/wp-content\/uploads\/2018\/11\/IMG_20181101_103936683_HDR.jpg\" width=\"640\" \/><\/a><\/div>\n<p><\/p>\n<div style=\"text-align: justify;\">\nA feira de flores para o Dia de Finados est\u00e1 acontecendo no Parque 18 de Maio, em Caruaru. Os vendedores est\u00e3o dormindo no local desde a \u00faltima ter\u00e7a-feira (30), com isso, as pessoas podem comprar a qualquer hora.&nbsp;<\/p>\n<p><\/p>\n<h4 style=\"background-color: white; box-sizing: border-box; color: #333333; line-height: 1.1; margin: 0px 0px 15px;\">\nA maioria dos produtos comercializados no local vem da regi\u00e3o, principalmente da cidade de Gravat\u00e1. Os pre\u00e7os variam de R$ 20,00 a R$ 80,00.<\/h4>\n<div>\n<\/div>\n<div>\n<div>\nJ\u00e1 a Central de Abastecimento de Caruaru (CEACA) est\u00e1 comercializando flores at\u00e9 o pr\u00f3ximo domingo (04). \u201cA feira vem crescendo a cada ano e funciona de segunda a domingo, zerando diariamente o estoque e abastecendo toda a cidade\u201d, garantiu o diretor-presidente da CEACA, Andr\u00e9 Teixeira Filho.<\/div>\n<div>\n<\/div>\n<div>\nO comprador que for at\u00e9 a Central de Abastecimento, al\u00e9m de encontrar os melhores pre\u00e7os, ainda pode adquirir Celsa de diversas cores. A feira que \u00e9 tradi\u00e7\u00e3o para o Dia de Finados acontece a partir das 5h.&nbsp;<\/div>\n<div>\n<\/div>\n<\/div>\n<\/div>\n","protected":false},"excerpt":{"rendered":"<p>A feira de flores para o Dia de Finados est\u00e1 acontecendo no Parque 18 de Maio, em Caruaru. Os vendedores&hellip;<\/p>\n","protected":false},"author":1,"featured_media":0,"comment_status":"open","ping_status":"open","sticky":false,"template":"","format":"standard","meta":{"footnotes":""},"categories":[1],"tags":[2,777,6],"class_list":["post-833","post","type-post","status-publish","format-standard","hentry","category-sem-categoria","tag-blog-do-edvaldo-magalhaes","tag-feira-de-flores-para-o-dia-de-finados-em-caruaru","tag-noticias"],"_links":{"self":[{"href":"https:\/\/blogdoedvaldomagalhaes.com.br\/index.php\/wp-json\/wp\/v2\/posts\/833","targetHints":{"allow":["GET"]}}],"collection":[{"href":"https:\/\/blogdoedvaldomagalhaes.com.br\/index.php\/wp-json\/wp\/v2\/posts"}],"about":[{"href":"https:\/\/blogdoedvaldomagalhaes.com.br\/index.php\/wp-json\/wp\/v2\/types\/post"}],"author":[{"embeddable":true,"href":"https:\/\/blogdoedvaldomagalhaes.com.br\/index.php\/wp-json\/wp\/v2\/users\/1"}],"replies":[{"embeddable":true,"href":"https:\/\/blogdoedvaldomagalhaes.com.br\/index.php\/wp-json\/wp\/v2\/comments?post=833"}],"version-history":[{"count":1,"href":"https:\/\/blogdoedvaldomagalhaes.com.br\/index.php\/wp-json\/wp\/v2\/posts\/833\/revisions"}],"predecessor-version":[{"id":35451,"href":"https:\/\/blogdoedvaldomagalhaes.com.br\/index.php\/wp-json\/wp\/v2\/posts\/833\/revisions\/35451"}],"wp:attachment":[{"href":"https:\/\/blogdoedvaldomagalhaes.com.br\/index.php\/wp-json\/wp\/v2\/media?parent=833"}],"wp:term":[{"taxonomy":"category","embeddable":true,"href":"https:\/\/blogdoedvaldomagalhaes.com.br\/index.php\/wp-json\/wp\/v2\/categories?post=833"},{"taxonomy":"post_tag","embeddable":true,"href":"https:\/\/blogdoedvaldomagalhaes.com.br\/index.php\/wp-json\/wp\/v2\/tags?post=833"}],"curies":[{"name":"wp","href":"https:\/\/api.w.org\/{rel}","templated":true}]}}