{"id":8329,"date":"2016-09-12T10:03:00","date_gmt":"2016-09-12T13:03:00","guid":{"rendered":"http:\/\/blogdoedvaldomagalhaes.com.br\/index.php\/2016\/09\/12\/policia-registra-28-homicidios-e\/"},"modified":"2019-02-09T00:58:44","modified_gmt":"2019-02-09T02:58:44","slug":"policia-registra-28-homicidios-e","status":"publish","type":"post","link":"https:\/\/blogdoedvaldomagalhaes.com.br\/index.php\/2016\/09\/12\/policia-registra-28-homicidios-e\/","title":{"rendered":"Pol\u00edcia registra 28 homic\u00eddios em Pernambuco no fim de semana"},"content":{"rendered":"<div id=\"resize\" style=\"margin-top: 40px; text-align: justify;\">\n<div style=\"text-align: justify;\">\n<div class=\"separator\" style=\"clear: both; font-size: 15px; text-align: center;\">\n<a href=\"https:\/\/2.bp.blogspot.com\/-6Ugpb2j18aE\/V9aGNbkyOxI\/AAAAAAAAGOQ\/UyJoTnzFCewW7fF99yN_PHgoh5vro7mPwCLcB\/s1600\/not%25C3%25ADcias%2B%25C3%25A7policias.jpg\" imageanchor=\"1\" style=\"margin-left: 1em; margin-right: 1em;\"><img loading=\"lazy\" decoding=\"async\" border=\"0\" height=\"172\" src=\"http:\/\/blogdoedvaldomagalhaes.com.br\/wp-content\/uploads\/2016\/09\/notC3ADciasC3A7policias.jpg\" width=\"400\" \/><\/a><\/div>\n<div style=\"font-size: 15px;\">\n<\/div>\n<p>Doze pessoas foram assassinadas em<br \/>\nPernambuco nas \u00faltimas 24 horas, sendo 7 no Grande Recife e 5 no<br \/>\ninterior do Estado. No fim de semana, o n\u00famero de homic\u00eddios chegou a<br \/>\n28, de acordo com informa\u00e7\u00f5es da R\u00e1dio Liberdade.<\/p>\n<\/div>\n<div style=\"text-align: justify;\">\n<\/div>\n<div style=\"text-align: justify;\">\nEm Santa Cruz do Capibaribe, um<br \/>\nadolescente de 15 anos foi morto a tiros. Deivson Alves dos Santos foi<br \/>\nbaleado no Bairro Santo Agostinho e morreu na UPA da cidade. Ele morava<br \/>\nem Campina Grande e visitava parentes em Santa Cruz. A autoria do crime \u00e9<br \/>\n desconhecida.<\/p>\n<\/div>\n<div style=\"text-align: justify;\">\n<\/div>\n<div style=\"text-align: justify;\">\nEm Brejo da Madre de Deus, uma jovem de<br \/>\n18 anos foi morta a facadas. O crime aconteceu no Distrito de S\u00e3o<br \/>\nDomingos. Jasielma Ana da Silva chegou a ser socorrida para o hospital<br \/>\nda cidade, mas n\u00e3o resistiu aos ferimentos.<\/p>\n<\/div>\n<div style=\"text-align: justify;\">\n<\/div>\n<div style=\"text-align: justify;\">\nEm Caruaru, um ex-presidi\u00e1rio foi morto a<br \/>\n tiros no S\u00edtio Barbat\u00e3o, zona rural do munic\u00edpio. Josemar Jos\u00e9 da<br \/>\nSilva, conhecido por \u201cNego D\u00f3\u201d, de 41 anos, morava na Avenida Venezuela,<br \/>\n Bairro Cedro. O corpo dele foi encontrado a poucos metros de um carro<br \/>\nincendiado, \u00e0s margens da PE-95.<\/p>\n<\/div>\n<div style=\"text-align: justify;\">\n<\/div>\n<div style=\"text-align: justify;\">\nTamb\u00e9m houve tentativa de homic\u00eddio na<br \/>\nnoite deste domingo (11), na Capital do Agreste. Otac\u00edlio Dantas da<br \/>\nSilva Filho, 32 anos, foi baleado no bairro Santa Rosa e socorrido para o<br \/>\n Hospital Regional do Agreste (HRA). Ele foi atingido com tr\u00eas tiros.<\/div>\n<\/div>\n","protected":false},"excerpt":{"rendered":"<p>Doze pessoas foram assassinadas em Pernambuco nas \u00faltimas 24 horas, sendo 7 no Grande Recife e 5 no interior do&hellip;<\/p>\n","protected":false},"author":1,"featured_media":0,"comment_status":"open","ping_status":"open","sticky":false,"template":"","format":"standard","meta":{"footnotes":""},"categories":[1],"tags":[2,4354,1479,12313,13,1315],"class_list":["post-8329","post","type-post","status-publish","format-standard","hentry","category-sem-categoria","tag-blog-do-edvaldo-magalhaes","tag-brejo-da-madre-de-deus","tag-noticias-policiais","tag-policia-registra-28-homicidios-em-pernambuco-no-fim-de-semana","tag-policial","tag-santa-cruz-do-capibaribe"],"_links":{"self":[{"href":"https:\/\/blogdoedvaldomagalhaes.com.br\/index.php\/wp-json\/wp\/v2\/posts\/8329","targetHints":{"allow":["GET"]}}],"collection":[{"href":"https:\/\/blogdoedvaldomagalhaes.com.br\/index.php\/wp-json\/wp\/v2\/posts"}],"about":[{"href":"https:\/\/blogdoedvaldomagalhaes.com.br\/index.php\/wp-json\/wp\/v2\/types\/post"}],"author":[{"embeddable":true,"href":"https:\/\/blogdoedvaldomagalhaes.com.br\/index.php\/wp-json\/wp\/v2\/users\/1"}],"replies":[{"embeddable":true,"href":"https:\/\/blogdoedvaldomagalhaes.com.br\/index.php\/wp-json\/wp\/v2\/comments?post=8329"}],"version-history":[{"count":1,"href":"https:\/\/blogdoedvaldomagalhaes.com.br\/index.php\/wp-json\/wp\/v2\/posts\/8329\/revisions"}],"predecessor-version":[{"id":12314,"href":"https:\/\/blogdoedvaldomagalhaes.com.br\/index.php\/wp-json\/wp\/v2\/posts\/8329\/revisions\/12314"}],"wp:attachment":[{"href":"https:\/\/blogdoedvaldomagalhaes.com.br\/index.php\/wp-json\/wp\/v2\/media?parent=8329"}],"wp:term":[{"taxonomy":"category","embeddable":true,"href":"https:\/\/blogdoedvaldomagalhaes.com.br\/index.php\/wp-json\/wp\/v2\/categories?post=8329"},{"taxonomy":"post_tag","embeddable":true,"href":"https:\/\/blogdoedvaldomagalhaes.com.br\/index.php\/wp-json\/wp\/v2\/tags?post=8329"}],"curies":[{"name":"wp","href":"https:\/\/api.w.org\/{rel}","templated":true}]}}