{"id":8320,"date":"2016-09-13T03:19:00","date_gmt":"2016-09-13T06:19:00","guid":{"rendered":"http:\/\/blogdoedvaldomagalhaes.com.br\/index.php\/2016\/09\/13\/tony-gel-continua-na-lideranca-e-erick\/"},"modified":"2019-02-09T00:58:50","modified_gmt":"2019-02-09T02:58:50","slug":"tony-gel-continua-na-lideranca-e-erick","status":"publish","type":"post","link":"https:\/\/blogdoedvaldomagalhaes.com.br\/index.php\/2016\/09\/13\/tony-gel-continua-na-lideranca-e-erick\/","title":{"rendered":"Tony Gel continua na lideran\u00e7a e Erick Lessa abre dist\u00e2ncia de Raquel em Caruaru"},"content":{"rendered":"<div style=\"background-color: white; border: 0px; line-height: 25.6px; margin-bottom: 1.5em; outline: 0px; padding: 0px; text-align: justify; vertical-align: baseline;\">\n<div class=\"separator\" style=\"clear: both; text-align: center;\">\n<a href=\"https:\/\/2.bp.blogspot.com\/-1eNQIu45I8c\/V9dxjzD85eI\/AAAAAAAAGRI\/EJ_7ddALCZQ0VsMp1-_gm1gfSCLGw7IHACLcB\/s1600\/pesquisa.jpg\" imageanchor=\"1\" style=\"margin-left: 1em; margin-right: 1em;\"><img loading=\"lazy\" decoding=\"async\" border=\"0\" height=\"299\" src=\"http:\/\/blogdoedvaldomagalhaes.com.br\/wp-content\/uploads\/2016\/09\/pesquisa-2.jpg\" width=\"400\" \/><\/a><\/div>\n<p>\nO candidato do PMDB a prefeito de Caruaru, Tony Gel, caiu 4,7 pontos percentuais em rela\u00e7\u00e3o ao levantamento de julho, mas continua na lideran\u00e7a em nova pesquisa do Instituto Opini\u00e3o. Recuou de 30,7% para 26%. J\u00e1 o candidato do PR, delegado Erick Lessa, aparece em ascens\u00e3o. Cresceu 4,8 pontos percentuais, saindo de 13,8% para 18,8%, mantendo-se em segundo lugar. Raquel Lyra, do PSDB, tamb\u00e9m caiu 3,1 pontos. Estava com 17,3% e agora aparece com 14,2%. Jorge Gomes, do PSB, apoiado pelo prefeito Jos\u00e9 Queiroz (PDT), caiu 0,2 pontos percentuais, recuando de 7,6% para 7,4%.<\/div>\n<div style=\"background-color: white; border: 0px; line-height: 25.6px; margin-bottom: 1.5em; outline: 0px; padding: 0px; text-align: justify; vertical-align: baseline;\">\nEntre os nanicos, Rivaldo Soares, do PHS, caiu de 3,3% para 1,2%, Eduardo Guerra, do Psol, ficou com 0,6% e Professor Jefferson, do PCB, 0,2%. Brancos e nulos eram 14,7% e ca\u00edram para 13,2%, enquanto os indecisos subiram de 12,2% para 18,4%. Na espont\u00e2nea, modelo pelo qual o entrevistado \u00e9 for\u00e7ado a lembrar do nome do candidato sem o aux\u00edlio do disco contendo os nomes de todos os candidatos, Gel lidera com 23,3%, Lessa vem em segundo com 16,2%, Raquel tem 12%, Jorge Gomes 7,2%, Rivaldo 0,6%, Eduardo 0,2% e Professor Jefferson 0,2%. Brancos e nulos somam 12,4% e indecisos sobem para 28%.<\/div>\n<div style=\"background-color: white; border: 0px; line-height: 25.6px; margin-bottom: 1.5em; outline: 0px; padding: 0px; text-align: justify; vertical-align: baseline;\">\nNo quesito rejei\u00e7\u00e3o, Tony Gel aparece no topo da lista. Entre os entrevistados, 24,2% disseram que n\u00e3o votariam nele de jeito nenhum, seguido de Jorge Gomes, que aparece com 14,2% e Rivaldo Soares, com 10%. Em seguida vem Raquel, com 5,8%, Eduardo Guerra com 2,6% e Lessa, 2,4%. Professor Jefferson \u00e9 o \u00faltimo, com 1,6%. Dos entrevistados, 11,2% disseram que rejeitam todos e 28% afirmaram que n\u00e3o rejeitam nenhum dos candidatos.<\/div>\n<div style=\"background-color: white; border: 0px; line-height: 25.6px; margin-bottom: 1.5em; outline: 0px; padding: 0px; text-align: justify; vertical-align: baseline;\">\nAs entrevistas foram realizadas nos bairros Agamenon Magalh\u00e3es, Alto do Moura, Boa Vista I e II, Cachoeira Seca, Caiuc\u00e1, Cedro, Centen\u00e1rio, Cidade Alta, Cidade Jardim, Divin\u00f3polis, Indian\u00f3polis, Inocoop, Jardim Panorama, Jo\u00e3o Mota, Jos\u00e9 Carlos de Oliveira, Ju\u00e1, Kennedy, Lajes, Loteamento Jos\u00e9 Liberato, Luiz Gonzaga, Maria Auxiliadora, Maur\u00edcio de Nassau, Monte Bom Jesus, Murici, Nossa Senhora das Dores, Nova Caruaru, Petr\u00f3polis, Rafael, Rendeiras, Riach\u00e3o, Salgado, Santa Rosa, S\u00e3o Francisco, S\u00e3o Jo\u00e3o da Esc\u00f3cia, Terra Vermelha, Universit\u00e1rio, Vassoural e Vila Padre In\u00e1cio.<\/div>\n<div style=\"background-color: white; border: 0px; line-height: 25.6px; margin-bottom: 1.5em; outline: 0px; padding: 0px; text-align: justify; vertical-align: baseline;\">\nCom 500 question\u00e1rios aplicados, o levantamento foi a campos nos dias 10 e 11 de setembro. A modalidade de pesquisa adotada envolveu a t\u00e9cnica de Survey, que consiste na aplica\u00e7\u00e3o de question\u00e1rios estruturados e padronizados a uma amostra representativa do universo de investiga\u00e7\u00e3o. Foram realizadas entrevistas pessoais e domiciliares. A pesquisa est\u00e1 registrada sob o protocolo PE-03265\/2016.<\/div>\n<div style=\"background-color: white; border: 0px; line-height: 25.6px; margin-bottom: 1.5em; outline: 0px; padding: 0px; text-align: justify; vertical-align: baseline;\">\nEstratificando a pesquisa, o candidato Tony Gel aparece melhor situado entre os eleitores com grau de instru\u00e7\u00e3o at\u00e9 a 5\u00aa s\u00e9rie (43,8%), entre os eleitores com renda familiar at\u00e9 dois sal\u00e1rios (29,1%) e entre os eleitores na faixa et\u00e1ria acima de 60 anos (43,1%). Por sexo, 27,1% dos seus eleitores s\u00e3o mulheres e 24,7% s\u00e3o homens.<\/div>\n<div style=\"background-color: white; border: 0px; line-height: 25.6px; margin-bottom: 1.5em; outline: 0px; padding: 0px; text-align: justify; vertical-align: baseline;\">\nO candidato Erick Lessa tem suas melhores taxas de inten\u00e7\u00e3o de voto entre os eleitores jovens, na faixa et\u00e1ria de 16 a 24 anos (30,9%), entre os eleitores com grau de ensino superior (28,9%) e entre os eleitores com renda familiar entre dois e cinco sal\u00e1rios (25,5%). Por sexo, 20,6% dos seus eleitores s\u00e3o homens e 17,3% s\u00e3o mulheres.<\/div>\n<div style=\"background-color: white; border: 0px; line-height: 25.6px; margin-bottom: 1.5em; outline: 0px; padding: 0px; text-align: justify; vertical-align: baseline;\">\nRaquel Lyra, por fim, aparece melhor situada entre os eleitores com renda familiar acima de cinco sal\u00e1rios (20,9%), entre os eleitores jovens, na faixa et\u00e1ria de 16 a 24 anos (19,8%) e entre os eleitores com grau de instru\u00e7\u00e3o da 6\u00aa a 9\u00aa s\u00e9ries (16%). Por sexo, 17% dos seus eleitores s\u00e3o masculinos e 11,9% s\u00e3o femininos.<\/div>\n<div style=\"background-color: white; border: 0px; line-height: 25.6px; margin-bottom: 1.5em; outline: 0px; padding: 0px; text-align: justify; vertical-align: baseline;\">\nAvalia\u00e7\u00e3o de Queiroz<\/div>\n<div style=\"background-color: white; border: 0px; line-height: 25.6px; margin-bottom: 1.5em; outline: 0px; padding: 0px; text-align: justify; vertical-align: baseline;\">\nO prefeito Jos\u00e9 Queiroz (PDT) continua com uma avalia\u00e7\u00e3o de gest\u00e3o dividindo a opini\u00e3o p\u00fablica de Caruaru. Para 46,6% dos entrevistados sua administra\u00e7\u00e3o \u00e9 aprovada e para 40,2%, desaprovada. Entre os entrevistados, 13,2% n\u00e3o soubera responder ou se negaram a responder. O Governo Paulo C\u00e2mara tem 51,4% de desaprova\u00e7\u00e3o e 27% de aprova\u00e7\u00e3o, enquanto o Governo Temer tem 55,4% de desaprova\u00e7\u00e3o e 14,4% de aprova\u00e7\u00e3o.<\/div>\n<div style=\"background-color: white; border: 0px; line-height: 25.6px; margin-bottom: 1.5em; outline: 0px; padding: 0px; text-align: justify; vertical-align: baseline;\">\nDo Blog do Magno Martins<\/div>\n","protected":false},"excerpt":{"rendered":"<p>O candidato do PMDB a prefeito de Caruaru, Tony Gel, caiu 4,7 pontos percentuais em rela\u00e7\u00e3o ao levantamento de julho,&hellip;<\/p>\n","protected":false},"author":1,"featured_media":0,"comment_status":"open","ping_status":"open","sticky":false,"template":"","format":"standard","meta":{"footnotes":""},"categories":[1],"tags":[2,11431,20],"class_list":["post-8320","post","type-post","status-publish","format-standard","hentry","category-sem-categoria","tag-blog-do-edvaldo-magalhaes","tag-eleicoes-2016","tag-politica"],"_links":{"self":[{"href":"https:\/\/blogdoedvaldomagalhaes.com.br\/index.php\/wp-json\/wp\/v2\/posts\/8320","targetHints":{"allow":["GET"]}}],"collection":[{"href":"https:\/\/blogdoedvaldomagalhaes.com.br\/index.php\/wp-json\/wp\/v2\/posts"}],"about":[{"href":"https:\/\/blogdoedvaldomagalhaes.com.br\/index.php\/wp-json\/wp\/v2\/types\/post"}],"author":[{"embeddable":true,"href":"https:\/\/blogdoedvaldomagalhaes.com.br\/index.php\/wp-json\/wp\/v2\/users\/1"}],"replies":[{"embeddable":true,"href":"https:\/\/blogdoedvaldomagalhaes.com.br\/index.php\/wp-json\/wp\/v2\/comments?post=8320"}],"version-history":[{"count":1,"href":"https:\/\/blogdoedvaldomagalhaes.com.br\/index.php\/wp-json\/wp\/v2\/posts\/8320\/revisions"}],"predecessor-version":[{"id":12333,"href":"https:\/\/blogdoedvaldomagalhaes.com.br\/index.php\/wp-json\/wp\/v2\/posts\/8320\/revisions\/12333"}],"wp:attachment":[{"href":"https:\/\/blogdoedvaldomagalhaes.com.br\/index.php\/wp-json\/wp\/v2\/media?parent=8320"}],"wp:term":[{"taxonomy":"category","embeddable":true,"href":"https:\/\/blogdoedvaldomagalhaes.com.br\/index.php\/wp-json\/wp\/v2\/categories?post=8320"},{"taxonomy":"post_tag","embeddable":true,"href":"https:\/\/blogdoedvaldomagalhaes.com.br\/index.php\/wp-json\/wp\/v2\/tags?post=8320"}],"curies":[{"name":"wp","href":"https:\/\/api.w.org\/{rel}","templated":true}]}}