{"id":832,"date":"2018-11-01T16:17:00","date_gmt":"2018-11-01T18:17:00","guid":{"rendered":"http:\/\/blogdoedvaldomagalhaes.com.br\/index.php\/2018\/11\/01\/policia-rodoviaria-federal-fiscaliza\/"},"modified":"2019-02-09T02:37:48","modified_gmt":"2019-02-09T04:37:48","slug":"policia-rodoviaria-federal-fiscaliza","status":"publish","type":"post","link":"https:\/\/blogdoedvaldomagalhaes.com.br\/index.php\/2018\/11\/01\/policia-rodoviaria-federal-fiscaliza\/","title":{"rendered":"Pol\u00edcia Rodovi\u00e1ria Federal fiscaliza rodovias na Opera\u00e7\u00e3o Finados"},"content":{"rendered":"<div class=\"separator\" style=\"clear: both; text-align: center;\">\n<a href=\"https:\/\/2.bp.blogspot.com\/-ETCv-wHJ824\/W9snA-HLimI\/AAAAAAAA8xQ\/VuQnd_fIuAwLx2F9Yfh3scAybaByXdGIQCLcBGAs\/s1600\/prf.jpg\" imageanchor=\"1\" style=\"margin-left: 1em; margin-right: 1em;\"><img loading=\"lazy\" decoding=\"async\" border=\"0\" data-original-height=\"533\" data-original-width=\"800\" height=\"426\" src=\"http:\/\/blogdoedvaldomagalhaes.com.br\/wp-content\/uploads\/2018\/11\/prf.jpg\" width=\"640\" \/><\/a><\/div>\n<div class=\"separator\" style=\"clear: both; text-align: center;\">\nFoto: PRF\/Divulga\u00e7\u00e3o<\/div>\n<div style=\"background-color: white; box-sizing: border-box; line-height: 24px; margin-bottom: 10px; text-align: justify;\">\n<\/div>\n<div style=\"background-color: white; box-sizing: border-box; line-height: 24px; margin-bottom: 10px; text-align: justify;\">\nCome\u00e7ou nesta quinta-feira (01) e segue at\u00e9 a meia-noite de domingo (04), em Pernambuco, a Opera\u00e7\u00e3o Finados da Pol\u00edcia Rodovi\u00e1ria Federal (PRF). Melhorar a fluidez no tr\u00e2nsito e reduzir acidentes graves s\u00e3o os principais objetivos da a\u00e7\u00e3o, que ser\u00e1 desenvolvida nas rodovias que cortam o estado.<\/div>\n<div style=\"background-color: white; box-sizing: border-box; line-height: 24px; margin-bottom: 10px; text-align: justify;\">\nO Dia de Finados \u00e9 tradicionalmente marcado pelo encontro de fam\u00edlias que prestam homenagens aos entes falecidos, ou se re\u00fanem para aproveitar o feriado prolongado. Dessa forma, o deslocamento nas rodovias tende a aumentar em dire\u00e7\u00e3o ao interior e no sentido das praias.<\/div>\n","protected":false},"excerpt":{"rendered":"<p>Foto: PRF\/Divulga\u00e7\u00e3o Come\u00e7ou nesta quinta-feira (01) e segue at\u00e9 a meia-noite de domingo (04), em Pernambuco, a Opera\u00e7\u00e3o Finados da&hellip;<\/p>\n","protected":false},"author":1,"featured_media":0,"comment_status":"open","ping_status":"open","sticky":false,"template":"","format":"standard","meta":{"footnotes":""},"categories":[1],"tags":[2,776,13],"class_list":["post-832","post","type-post","status-publish","format-standard","hentry","category-sem-categoria","tag-blog-do-edvaldo-magalhaes","tag-policia-rodoviaria-federal-fiscaliza-rodovias-na-operacao-finados","tag-policial"],"_links":{"self":[{"href":"https:\/\/blogdoedvaldomagalhaes.com.br\/index.php\/wp-json\/wp\/v2\/posts\/832","targetHints":{"allow":["GET"]}}],"collection":[{"href":"https:\/\/blogdoedvaldomagalhaes.com.br\/index.php\/wp-json\/wp\/v2\/posts"}],"about":[{"href":"https:\/\/blogdoedvaldomagalhaes.com.br\/index.php\/wp-json\/wp\/v2\/types\/post"}],"author":[{"embeddable":true,"href":"https:\/\/blogdoedvaldomagalhaes.com.br\/index.php\/wp-json\/wp\/v2\/users\/1"}],"replies":[{"embeddable":true,"href":"https:\/\/blogdoedvaldomagalhaes.com.br\/index.php\/wp-json\/wp\/v2\/comments?post=832"}],"version-history":[{"count":1,"href":"https:\/\/blogdoedvaldomagalhaes.com.br\/index.php\/wp-json\/wp\/v2\/posts\/832\/revisions"}],"predecessor-version":[{"id":35453,"href":"https:\/\/blogdoedvaldomagalhaes.com.br\/index.php\/wp-json\/wp\/v2\/posts\/832\/revisions\/35453"}],"wp:attachment":[{"href":"https:\/\/blogdoedvaldomagalhaes.com.br\/index.php\/wp-json\/wp\/v2\/media?parent=832"}],"wp:term":[{"taxonomy":"category","embeddable":true,"href":"https:\/\/blogdoedvaldomagalhaes.com.br\/index.php\/wp-json\/wp\/v2\/categories?post=832"},{"taxonomy":"post_tag","embeddable":true,"href":"https:\/\/blogdoedvaldomagalhaes.com.br\/index.php\/wp-json\/wp\/v2\/tags?post=832"}],"curies":[{"name":"wp","href":"https:\/\/api.w.org\/{rel}","templated":true}]}}