{"id":8319,"date":"2016-09-13T10:34:00","date_gmt":"2016-09-13T13:34:00","guid":{"rendered":"http:\/\/blogdoedvaldomagalhaes.com.br\/index.php\/2016\/09\/13\/desmanche-de-motos-e-descoberto-e\/"},"modified":"2019-02-09T00:58:50","modified_gmt":"2019-02-09T02:58:50","slug":"desmanche-de-motos-e-descoberto-e","status":"publish","type":"post","link":"https:\/\/blogdoedvaldomagalhaes.com.br\/index.php\/2016\/09\/13\/desmanche-de-motos-e-descoberto-e\/","title":{"rendered":"Desmanche de motos \u00e9 descoberto em Santa Cruz do Capibaribe"},"content":{"rendered":"<div class=\"separator\" style=\"clear: both; text-align: center;\">\n<a href=\"https:\/\/3.bp.blogspot.com\/-CGystE8Kjao\/V9fWJmIXVaI\/AAAAAAAAGRY\/Z7ixew9h-ZY9VhDV4e_Xk0MYncBtDOCFACLcB\/s1600\/BLOG%2BDO%2BNEY%2BLIMA.jpg\" imageanchor=\"1\" style=\"margin-left: 1em; margin-right: 1em;\"><img loading=\"lazy\" decoding=\"async\" border=\"0\" height=\"195\" src=\"http:\/\/blogdoedvaldomagalhaes.com.br\/wp-content\/uploads\/2016\/09\/BLOGDONEYLIMA.jpg\" width=\"400\" \/><\/a><\/div>\n<div style=\"text-align: center;\">\n(Foto: Blog do Ney Lima)<\/div>\n<p>\nEm Santa Cruz do Capibaribe, foi<br \/>\ndescoberto um desmanche de motos, no bairro Santo Agostinho. O local foi<br \/>\n descoberto por guardas civis municipais, ap\u00f3s den\u00fancia an\u00f4nima. Eles<br \/>\nencontraram pe\u00e7as de v\u00e1rias motocicletas e um carro queimado.<\/p>\n","protected":false},"excerpt":{"rendered":"<p>(Foto: Blog do Ney Lima) Em Santa Cruz do Capibaribe, foi descoberto um desmanche de motos, no bairro Santo Agostinho.&hellip;<\/p>\n","protected":false},"author":1,"featured_media":0,"comment_status":"open","ping_status":"open","sticky":false,"template":"","format":"standard","meta":{"footnotes":""},"categories":[1],"tags":[12300,2,12301,1950,13],"class_list":["post-8319","post","type-post","status-publish","format-standard","hentry","category-sem-categoria","tag-bairro-santo-antonio","tag-blog-do-edvaldo-magalhaes","tag-desmanche-de-motos-e-descoberto-em-santa-cruz-do-capibaribe","tag-noticias-de-caruaru","tag-policial"],"_links":{"self":[{"href":"https:\/\/blogdoedvaldomagalhaes.com.br\/index.php\/wp-json\/wp\/v2\/posts\/8319","targetHints":{"allow":["GET"]}}],"collection":[{"href":"https:\/\/blogdoedvaldomagalhaes.com.br\/index.php\/wp-json\/wp\/v2\/posts"}],"about":[{"href":"https:\/\/blogdoedvaldomagalhaes.com.br\/index.php\/wp-json\/wp\/v2\/types\/post"}],"author":[{"embeddable":true,"href":"https:\/\/blogdoedvaldomagalhaes.com.br\/index.php\/wp-json\/wp\/v2\/users\/1"}],"replies":[{"embeddable":true,"href":"https:\/\/blogdoedvaldomagalhaes.com.br\/index.php\/wp-json\/wp\/v2\/comments?post=8319"}],"version-history":[{"count":1,"href":"https:\/\/blogdoedvaldomagalhaes.com.br\/index.php\/wp-json\/wp\/v2\/posts\/8319\/revisions"}],"predecessor-version":[{"id":12335,"href":"https:\/\/blogdoedvaldomagalhaes.com.br\/index.php\/wp-json\/wp\/v2\/posts\/8319\/revisions\/12335"}],"wp:attachment":[{"href":"https:\/\/blogdoedvaldomagalhaes.com.br\/index.php\/wp-json\/wp\/v2\/media?parent=8319"}],"wp:term":[{"taxonomy":"category","embeddable":true,"href":"https:\/\/blogdoedvaldomagalhaes.com.br\/index.php\/wp-json\/wp\/v2\/categories?post=8319"},{"taxonomy":"post_tag","embeddable":true,"href":"https:\/\/blogdoedvaldomagalhaes.com.br\/index.php\/wp-json\/wp\/v2\/tags?post=8319"}],"curies":[{"name":"wp","href":"https:\/\/api.w.org\/{rel}","templated":true}]}}