{"id":8317,"date":"2016-09-13T10:41:00","date_gmt":"2016-09-13T13:41:00","guid":{"rendered":"http:\/\/blogdoedvaldomagalhaes.com.br\/index.php\/2016\/09\/13\/policia-registra-11-homicidios-e\/"},"modified":"2019-02-09T00:58:53","modified_gmt":"2019-02-09T02:58:53","slug":"policia-registra-11-homicidios-e","status":"publish","type":"post","link":"https:\/\/blogdoedvaldomagalhaes.com.br\/index.php\/2016\/09\/13\/policia-registra-11-homicidios-e\/","title":{"rendered":"Pol\u00edcia registra 11 homic\u00eddios em Pernambuco em 24 horas"},"content":{"rendered":"<div id=\"resize\" style=\"margin-top: 40px; text-align: justify;\">\n<div style=\"text-align: justify;\">\n<div>\n<div class=\"separator\" style=\"clear: both; text-align: center;\">\n<a href=\"https:\/\/3.bp.blogspot.com\/-JBI_tutWylE\/V9fclw716GI\/AAAAAAAAGR0\/q72TiLqsYzgg1JLZCzyzeXcOTZWdmFpawCLcB\/s1600\/plant%25C3%25A3o.jpg\" imageanchor=\"1\" style=\"margin-left: 1em; margin-right: 1em;\"><img loading=\"lazy\" decoding=\"async\" border=\"0\" height=\"178\" src=\"http:\/\/blogdoedvaldomagalhaes.com.br\/wp-content\/uploads\/2016\/09\/plantC3A3o-2.jpg\" width=\"400\" \/><\/a><\/div>\n<p>\nOnze pessoas foram assassinadas em Pernambuco, nas \u00faltimas 24<br \/>\nhoras. Foram seis homic\u00eddios no Grande Recife e cinco no interior do<br \/>\nEstado, de acordo com informa\u00e7\u00f5es da R\u00e1dio Liberdade.<\/div>\n<div>\n<\/div>\n<div>\nEm S\u00e3o Bento do Una, foi assassinado um homem de 32 anos. Ant\u00f4nio<br \/>\nPacheco Neto foi morto no Povoado Esp\u00edrito Santo, zona rural do<br \/>\nmunic\u00edpio.<\/div>\n<div>\n<\/div>\n<div>\nEm Brej\u00e3o, foi morto a tiros Jos\u00e9 Fernando da Silva, 33 anos. O crime aconteceu no S\u00edtio Baixa da Lama, zona rural do munic\u00edpio.<\/div>\n<div>\n<\/div>\n<div>\nEm Lagoa do Ouro, a v\u00edtima da viol\u00eancia foi um funcion\u00e1rio da<br \/>\nEscola Jandira Pedrosa. Ar\u00e3o Teixeira Galindo, 44 anos, foi atingido com<br \/>\n 11 tiros. Ele chegou a ser socorrido para o hospital da cidade, mas n\u00e3o<br \/>\n resistiu e faleceu.<\/div>\n<div>\n<\/div>\n<div>\nOs corpos foram encaminhados para o Instituto de Medicina Legal (IML) de Caruaru.<\/div>\n<\/div>\n<\/div>\n","protected":false},"excerpt":{"rendered":"<p>Onze pessoas foram assassinadas em Pernambuco, nas \u00faltimas 24 horas. Foram seis homic\u00eddios no Grande Recife e cinco no interior&hellip;<\/p>\n","protected":false},"author":1,"featured_media":0,"comment_status":"open","ping_status":"open","sticky":false,"template":"","format":"standard","meta":{"footnotes":""},"categories":[1],"tags":[2,10418,12293,3149,12294,12295,13,12296,12297],"class_list":["post-8317","post","type-post","status-publish","format-standard","hentry","category-sem-categoria","tag-blog-do-edvaldo-magalhaes","tag-brejao","tag-escola-jandira-pedrosa","tag-iml","tag-lagoa-do-ouro","tag-policia-registra-11-homicidios-em-pernambuco-em-24-horas","tag-policial","tag-sao-bento-una","tag-sitio-baixa-da-lama"],"_links":{"self":[{"href":"https:\/\/blogdoedvaldomagalhaes.com.br\/index.php\/wp-json\/wp\/v2\/posts\/8317","targetHints":{"allow":["GET"]}}],"collection":[{"href":"https:\/\/blogdoedvaldomagalhaes.com.br\/index.php\/wp-json\/wp\/v2\/posts"}],"about":[{"href":"https:\/\/blogdoedvaldomagalhaes.com.br\/index.php\/wp-json\/wp\/v2\/types\/post"}],"author":[{"embeddable":true,"href":"https:\/\/blogdoedvaldomagalhaes.com.br\/index.php\/wp-json\/wp\/v2\/users\/1"}],"replies":[{"embeddable":true,"href":"https:\/\/blogdoedvaldomagalhaes.com.br\/index.php\/wp-json\/wp\/v2\/comments?post=8317"}],"version-history":[{"count":1,"href":"https:\/\/blogdoedvaldomagalhaes.com.br\/index.php\/wp-json\/wp\/v2\/posts\/8317\/revisions"}],"predecessor-version":[{"id":12339,"href":"https:\/\/blogdoedvaldomagalhaes.com.br\/index.php\/wp-json\/wp\/v2\/posts\/8317\/revisions\/12339"}],"wp:attachment":[{"href":"https:\/\/blogdoedvaldomagalhaes.com.br\/index.php\/wp-json\/wp\/v2\/media?parent=8317"}],"wp:term":[{"taxonomy":"category","embeddable":true,"href":"https:\/\/blogdoedvaldomagalhaes.com.br\/index.php\/wp-json\/wp\/v2\/categories?post=8317"},{"taxonomy":"post_tag","embeddable":true,"href":"https:\/\/blogdoedvaldomagalhaes.com.br\/index.php\/wp-json\/wp\/v2\/tags?post=8317"}],"curies":[{"name":"wp","href":"https:\/\/api.w.org\/{rel}","templated":true}]}}