{"id":83150,"date":"2022-05-16T17:17:16","date_gmt":"2022-05-16T20:17:16","guid":{"rendered":"https:\/\/blogdoedvaldomagalhaes.com.br\/?p=83150"},"modified":"2022-05-16T17:25:27","modified_gmt":"2022-05-16T20:25:27","slug":"posto-avancado-de-atendimento-da-sefaz-e-inaugurado-em-caruaru","status":"publish","type":"post","link":"https:\/\/blogdoedvaldomagalhaes.com.br\/index.php\/2022\/05\/16\/posto-avancado-de-atendimento-da-sefaz-e-inaugurado-em-caruaru\/","title":{"rendered":"Posto Avan\u00e7ado de Atendimento da SEFAZ \u00e9 inaugurado em Caruaru"},"content":{"rendered":"<p style=\"text-align: justify;\"><span style=\"font-size: inherit;\">A Secretaria Municipal da Fazenda (Sefaz), inaugurou, na tarde desta segunda-feira (16), o Posto Avan\u00e7ado da SEFAZ.<\/span><span style=\"font-size: inherit;\">\u00a0A unidade passa a funcionar, a partir de desta ter\u00e7a-feira (16), na sede da C\u00e2mara de Dirigentes Lojistas (CDL), localizada na Rua Floriano Peixoto, n\u00famero 85, bairro Nossa Senhora das Dores. O atendimento ser\u00e1 de segunda a sexta, das 8h \u00e0s 16h.<\/span><\/p>\n<p style=\"text-align: justify;\">\u201cA implanta\u00e7\u00e3o desse posto avan\u00e7ado da SEFAZ \u00e9 fruto de um trabalho em conjunto, porque ningu\u00e9m faz nada sozinho. E esse espa\u00e7o vai atender de forma especializada, o que vai dar uma celeridade no atendimento de uma forma geral fortalecendo a utiliza\u00e7\u00e3o dos canais digitais oferecidos pela secretaria\u201d, destacou a secret\u00e1ria da SEFAZ, Simone Benevides.<\/p>\n<p style=\"text-align: justify;\">Entre os servi\u00e7os ofertados est\u00e3o: emiss\u00e3o e atualiza\u00e7\u00e3o de boletos, certid\u00f5es, consultas de d\u00e9bitos e emiss\u00e3o de guia de ITBI para im\u00f3veis financiados.<\/p>\n<p style=\"text-align: justify;\">\u201cA entrega desse novo equipamento mostra que estamos no caminho certo, que estamos avan\u00e7ando e vamos continuar. Esse equipamento funcionar\u00e1 como um link, um di\u00e1logo entre o poder p\u00fablico municipal e os profissionais que prestam servi\u00e7os \u00e0 popula\u00e7\u00e3o, como: contadores, advogados e corretores\u201d, destacou o prefeito, Rodrigo Pinheiro.<\/p>\n<p style=\"text-align: justify;\">O Blog do Edvaldo Magalh\u00e3es foi convidado pelo presidente da C\u00e2mara de Dirigentes Lojistas de Caruaru (CDL), para participar de um almo\u00e7o que foi oferecido ao prefeito, secret\u00e1rios municipais, vereadores e empres\u00e1rios, na pr\u00f3pria sede da CDL, onde os detalhes da parceria entre a entidade e o Poder Executivo Municipal, foram apresentados.<\/p>\n\n\n<figure class=\"wp-block-image size-large\"><img loading=\"lazy\" decoding=\"async\" width=\"1024\" height=\"576\" src=\"https:\/\/blogdoedvaldomagalhaes.com.br\/wp-content\/uploads\/2022\/05\/IMG-20220516-WA0214-1024x576.jpeg\" alt=\"\" class=\"wp-image-83152\" srcset=\"https:\/\/blogdoedvaldomagalhaes.com.br\/wp-content\/uploads\/2022\/05\/IMG-20220516-WA0214-1024x576.jpeg 1024w, https:\/\/blogdoedvaldomagalhaes.com.br\/wp-content\/uploads\/2022\/05\/IMG-20220516-WA0214-300x169.jpeg 300w, https:\/\/blogdoedvaldomagalhaes.com.br\/wp-content\/uploads\/2022\/05\/IMG-20220516-WA0214-768x432.jpeg 768w, https:\/\/blogdoedvaldomagalhaes.com.br\/wp-content\/uploads\/2022\/05\/IMG-20220516-WA0214-1536x864.jpeg 1536w, https:\/\/blogdoedvaldomagalhaes.com.br\/wp-content\/uploads\/2022\/05\/IMG-20220516-WA0214-2048x1152.jpeg 2048w, https:\/\/blogdoedvaldomagalhaes.com.br\/wp-content\/uploads\/2022\/05\/IMG-20220516-WA0214-1140x641.jpeg 1140w, https:\/\/blogdoedvaldomagalhaes.com.br\/wp-content\/uploads\/2022\/05\/IMG-20220516-WA0214-720x405.jpeg 720w\" sizes=\"auto, (max-width: 1024px) 100vw, 1024px\" \/><figcaption>Fotos: Blog do Edvaldo Magalh\u00e3es<\/figcaption><\/figure>\n\n\n\n<figure class=\"wp-block-image size-large\"><img loading=\"lazy\" decoding=\"async\" width=\"1024\" height=\"683\" src=\"https:\/\/blogdoedvaldomagalhaes.com.br\/wp-content\/uploads\/2022\/05\/IMG-20220516-WA0244-1024x683.jpg\" alt=\"\" class=\"wp-image-83153\" srcset=\"https:\/\/blogdoedvaldomagalhaes.com.br\/wp-content\/uploads\/2022\/05\/IMG-20220516-WA0244-1024x683.jpg 1024w, https:\/\/blogdoedvaldomagalhaes.com.br\/wp-content\/uploads\/2022\/05\/IMG-20220516-WA0244-300x200.jpg 300w, https:\/\/blogdoedvaldomagalhaes.com.br\/wp-content\/uploads\/2022\/05\/IMG-20220516-WA0244-768x512.jpg 768w, https:\/\/blogdoedvaldomagalhaes.com.br\/wp-content\/uploads\/2022\/05\/IMG-20220516-WA0244-1536x1024.jpg 1536w, https:\/\/blogdoedvaldomagalhaes.com.br\/wp-content\/uploads\/2022\/05\/IMG-20220516-WA0244.jpg 1599w\" sizes=\"auto, (max-width: 1024px) 100vw, 1024px\" \/><\/figure>\n\n\n\n<figure class=\"wp-block-image size-large\"><img loading=\"lazy\" decoding=\"async\" width=\"1024\" height=\"683\" src=\"https:\/\/blogdoedvaldomagalhaes.com.br\/wp-content\/uploads\/2022\/05\/IMG-20220516-WA0243-1024x683.jpg\" alt=\"\" class=\"wp-image-83154\" srcset=\"https:\/\/blogdoedvaldomagalhaes.com.br\/wp-content\/uploads\/2022\/05\/IMG-20220516-WA0243-1024x683.jpg 1024w, https:\/\/blogdoedvaldomagalhaes.com.br\/wp-content\/uploads\/2022\/05\/IMG-20220516-WA0243-300x200.jpg 300w, https:\/\/blogdoedvaldomagalhaes.com.br\/wp-content\/uploads\/2022\/05\/IMG-20220516-WA0243-768x512.jpg 768w, https:\/\/blogdoedvaldomagalhaes.com.br\/wp-content\/uploads\/2022\/05\/IMG-20220516-WA0243-1536x1024.jpg 1536w, https:\/\/blogdoedvaldomagalhaes.com.br\/wp-content\/uploads\/2022\/05\/IMG-20220516-WA0243.jpg 1599w\" sizes=\"auto, (max-width: 1024px) 100vw, 1024px\" \/><figcaption>Fotos: Elvis \u00c9dson <\/figcaption><\/figure>\n","protected":false},"excerpt":{"rendered":"<p>A Secretaria Municipal da Fazenda (Sefaz), inaugurou, na tarde desta segunda-feira (16), o Posto Avan\u00e7ado da SEFAZ.\u00a0A unidade passa a&hellip;<\/p>\n","protected":false},"author":1,"featured_media":83151,"comment_status":"open","ping_status":"open","sticky":false,"template":"","format":"standard","meta":{"footnotes":""},"categories":[14122],"tags":[2,19532,3406,24642],"class_list":["post-83150","post","type-post","status-publish","format-standard","has-post-thumbnail","hentry","category-politica","tag-blog-do-edvaldo-magalhaes","tag-blog-mais-acessado-e-visualizado-de-caruaru-e-regiao","tag-caruaru","tag-posto-avancado-de-atendimento-da-sefaz-e-inaugurado-em-caruaru"],"_links":{"self":[{"href":"https:\/\/blogdoedvaldomagalhaes.com.br\/index.php\/wp-json\/wp\/v2\/posts\/83150","targetHints":{"allow":["GET"]}}],"collection":[{"href":"https:\/\/blogdoedvaldomagalhaes.com.br\/index.php\/wp-json\/wp\/v2\/posts"}],"about":[{"href":"https:\/\/blogdoedvaldomagalhaes.com.br\/index.php\/wp-json\/wp\/v2\/types\/post"}],"author":[{"embeddable":true,"href":"https:\/\/blogdoedvaldomagalhaes.com.br\/index.php\/wp-json\/wp\/v2\/users\/1"}],"replies":[{"embeddable":true,"href":"https:\/\/blogdoedvaldomagalhaes.com.br\/index.php\/wp-json\/wp\/v2\/comments?post=83150"}],"version-history":[{"count":2,"href":"https:\/\/blogdoedvaldomagalhaes.com.br\/index.php\/wp-json\/wp\/v2\/posts\/83150\/revisions"}],"predecessor-version":[{"id":83157,"href":"https:\/\/blogdoedvaldomagalhaes.com.br\/index.php\/wp-json\/wp\/v2\/posts\/83150\/revisions\/83157"}],"wp:featuredmedia":[{"embeddable":true,"href":"https:\/\/blogdoedvaldomagalhaes.com.br\/index.php\/wp-json\/wp\/v2\/media\/83151"}],"wp:attachment":[{"href":"https:\/\/blogdoedvaldomagalhaes.com.br\/index.php\/wp-json\/wp\/v2\/media?parent=83150"}],"wp:term":[{"taxonomy":"category","embeddable":true,"href":"https:\/\/blogdoedvaldomagalhaes.com.br\/index.php\/wp-json\/wp\/v2\/categories?post=83150"},{"taxonomy":"post_tag","embeddable":true,"href":"https:\/\/blogdoedvaldomagalhaes.com.br\/index.php\/wp-json\/wp\/v2\/tags?post=83150"}],"curies":[{"name":"wp","href":"https:\/\/api.w.org\/{rel}","templated":true}]}}