{"id":83130,"date":"2022-05-16T15:17:35","date_gmt":"2022-05-16T18:17:35","guid":{"rendered":"https:\/\/blogdoedvaldomagalhaes.com.br\/?p=83130"},"modified":"2022-05-16T16:10:17","modified_gmt":"2022-05-16T19:10:17","slug":"vereador-irmao-ronaldo-comemora-dia-do-gari-em-evento-promovido-pela-prefeitura-de-caruaru","status":"publish","type":"post","link":"https:\/\/blogdoedvaldomagalhaes.com.br\/index.php\/2022\/05\/16\/vereador-irmao-ronaldo-comemora-dia-do-gari-em-evento-promovido-pela-prefeitura-de-caruaru\/","title":{"rendered":"Vereador Irm\u00e3o Ronaldo comemora Dia do Gari em evento promovido pela prefeitura de Caruaru"},"content":{"rendered":"<p style=\"text-align: justify;\">Hoje (16) \u00e9 o Dia do Gari e para comemorar a data a Prefeitura de Caruaru, por meio da Secretaria de Servi\u00e7os P\u00fablicos e Sustentabilidade (SESP), promoveu um caf\u00e9 da manh\u00e3 com os agentes de limpeza. O vereador Irm\u00e3o Ronaldo esteve presente, junto com outros vereadores e o prefeito Rodrigo Pinheiro.&nbsp;<\/p>\n\n\n<figure class=\"wp-block-image size-large\"><img loading=\"lazy\" decoding=\"async\" width=\"1024\" height=\"768\" src=\"https:\/\/blogdoedvaldomagalhaes.com.br\/wp-content\/uploads\/2022\/05\/IMG-20220516-WA0186-1024x768.jpg\" alt=\"\" class=\"wp-image-83132\" srcset=\"https:\/\/blogdoedvaldomagalhaes.com.br\/wp-content\/uploads\/2022\/05\/IMG-20220516-WA0186-1024x768.jpg 1024w, https:\/\/blogdoedvaldomagalhaes.com.br\/wp-content\/uploads\/2022\/05\/IMG-20220516-WA0186-300x225.jpg 300w, https:\/\/blogdoedvaldomagalhaes.com.br\/wp-content\/uploads\/2022\/05\/IMG-20220516-WA0186-768x576.jpg 768w, https:\/\/blogdoedvaldomagalhaes.com.br\/wp-content\/uploads\/2022\/05\/IMG-20220516-WA0186-160x120.jpg 160w, https:\/\/blogdoedvaldomagalhaes.com.br\/wp-content\/uploads\/2022\/05\/IMG-20220516-WA0186.jpg 1156w\" sizes=\"auto, (max-width: 1024px) 100vw, 1024px\" \/><\/figure>\n\n\n\n<figure class=\"wp-block-image size-large\"><img loading=\"lazy\" decoding=\"async\" width=\"1024\" height=\"768\" src=\"https:\/\/blogdoedvaldomagalhaes.com.br\/wp-content\/uploads\/2022\/05\/IMG-20220516-WA0183-1024x768.jpg\" alt=\"\" class=\"wp-image-83133\" srcset=\"https:\/\/blogdoedvaldomagalhaes.com.br\/wp-content\/uploads\/2022\/05\/IMG-20220516-WA0183-1024x768.jpg 1024w, https:\/\/blogdoedvaldomagalhaes.com.br\/wp-content\/uploads\/2022\/05\/IMG-20220516-WA0183-300x225.jpg 300w, https:\/\/blogdoedvaldomagalhaes.com.br\/wp-content\/uploads\/2022\/05\/IMG-20220516-WA0183-768x576.jpg 768w, https:\/\/blogdoedvaldomagalhaes.com.br\/wp-content\/uploads\/2022\/05\/IMG-20220516-WA0183-160x120.jpg 160w, https:\/\/blogdoedvaldomagalhaes.com.br\/wp-content\/uploads\/2022\/05\/IMG-20220516-WA0183.jpg 1156w\" sizes=\"auto, (max-width: 1024px) 100vw, 1024px\" \/><\/figure>\n\n\n\n<figure class=\"wp-block-image size-large\"><img loading=\"lazy\" decoding=\"async\" width=\"1024\" height=\"577\" src=\"https:\/\/blogdoedvaldomagalhaes.com.br\/wp-content\/uploads\/2022\/05\/IMG-20220516-WA0185-1024x577.jpg\" alt=\"\" class=\"wp-image-83134\" srcset=\"https:\/\/blogdoedvaldomagalhaes.com.br\/wp-content\/uploads\/2022\/05\/IMG-20220516-WA0185-1024x577.jpg 1024w, https:\/\/blogdoedvaldomagalhaes.com.br\/wp-content\/uploads\/2022\/05\/IMG-20220516-WA0185-300x169.jpg 300w, https:\/\/blogdoedvaldomagalhaes.com.br\/wp-content\/uploads\/2022\/05\/IMG-20220516-WA0185-768x432.jpg 768w, https:\/\/blogdoedvaldomagalhaes.com.br\/wp-content\/uploads\/2022\/05\/IMG-20220516-WA0185-1140x641.jpg 1140w, https:\/\/blogdoedvaldomagalhaes.com.br\/wp-content\/uploads\/2022\/05\/IMG-20220516-WA0185-720x405.jpg 720w, https:\/\/blogdoedvaldomagalhaes.com.br\/wp-content\/uploads\/2022\/05\/IMG-20220516-WA0185.jpg 1156w\" sizes=\"auto, (max-width: 1024px) 100vw, 1024px\" \/><figcaption>Fotos : Divulga\u00e7\u00e3o <\/figcaption><\/figure>\n","protected":false},"excerpt":{"rendered":"<p>Hoje (16) \u00e9 o Dia do Gari e para comemorar a data a Prefeitura de Caruaru, por meio da Secretaria&hellip;<\/p>\n","protected":false},"author":1,"featured_media":83136,"comment_status":"open","ping_status":"open","sticky":false,"template":"","format":"standard","meta":{"footnotes":""},"categories":[14122],"tags":[2,19532,3406,24641],"class_list":["post-83130","post","type-post","status-publish","format-standard","has-post-thumbnail","hentry","category-politica","tag-blog-do-edvaldo-magalhaes","tag-blog-mais-acessado-e-visualizado-de-caruaru-e-regiao","tag-caruaru","tag-vereador-irmao-ronaldo-comemora-dia-do-gari-em-evento-promovido-pela-prefeitura-de-caruaru"],"_links":{"self":[{"href":"https:\/\/blogdoedvaldomagalhaes.com.br\/index.php\/wp-json\/wp\/v2\/posts\/83130","targetHints":{"allow":["GET"]}}],"collection":[{"href":"https:\/\/blogdoedvaldomagalhaes.com.br\/index.php\/wp-json\/wp\/v2\/posts"}],"about":[{"href":"https:\/\/blogdoedvaldomagalhaes.com.br\/index.php\/wp-json\/wp\/v2\/types\/post"}],"author":[{"embeddable":true,"href":"https:\/\/blogdoedvaldomagalhaes.com.br\/index.php\/wp-json\/wp\/v2\/users\/1"}],"replies":[{"embeddable":true,"href":"https:\/\/blogdoedvaldomagalhaes.com.br\/index.php\/wp-json\/wp\/v2\/comments?post=83130"}],"version-history":[{"count":2,"href":"https:\/\/blogdoedvaldomagalhaes.com.br\/index.php\/wp-json\/wp\/v2\/posts\/83130\/revisions"}],"predecessor-version":[{"id":83137,"href":"https:\/\/blogdoedvaldomagalhaes.com.br\/index.php\/wp-json\/wp\/v2\/posts\/83130\/revisions\/83137"}],"wp:featuredmedia":[{"embeddable":true,"href":"https:\/\/blogdoedvaldomagalhaes.com.br\/index.php\/wp-json\/wp\/v2\/media\/83136"}],"wp:attachment":[{"href":"https:\/\/blogdoedvaldomagalhaes.com.br\/index.php\/wp-json\/wp\/v2\/media?parent=83130"}],"wp:term":[{"taxonomy":"category","embeddable":true,"href":"https:\/\/blogdoedvaldomagalhaes.com.br\/index.php\/wp-json\/wp\/v2\/categories?post=83130"},{"taxonomy":"post_tag","embeddable":true,"href":"https:\/\/blogdoedvaldomagalhaes.com.br\/index.php\/wp-json\/wp\/v2\/tags?post=83130"}],"curies":[{"name":"wp","href":"https:\/\/api.w.org\/{rel}","templated":true}]}}