{"id":8313,"date":"2016-09-13T22:48:00","date_gmt":"2016-09-14T01:48:00","guid":{"rendered":"http:\/\/blogdoedvaldomagalhaes.com.br\/index.php\/2016\/09\/13\/morre-ex-funcionario-do-central-e-da\/"},"modified":"2019-02-09T00:58:56","modified_gmt":"2019-02-09T02:58:56","slug":"morre-ex-funcionario-do-central-e-da","status":"publish","type":"post","link":"https:\/\/blogdoedvaldomagalhaes.com.br\/index.php\/2016\/09\/13\/morre-ex-funcionario-do-central-e-da\/","title":{"rendered":"Morre ex-funcion\u00e1rio do Central e da Asces"},"content":{"rendered":"<div class=\"separator\" style=\"clear: both; text-align: center;\">\n<\/div>\n<div class=\"separator\" style=\"clear: both; text-align: center;\">\n<a href=\"https:\/\/2.bp.blogspot.com\/-JlwBv8N6peM\/V9iByegNGuI\/AAAAAAAAGUc\/2TjlEdRJ4A0RxQ3O_w7gs9s5jzd32AHDgCLcB\/s1600\/Foto%2B%25281%2529.jpg\" imageanchor=\"1\" style=\"margin-left: 1em; margin-right: 1em;\"><img loading=\"lazy\" decoding=\"async\" border=\"0\" height=\"319\" src=\"http:\/\/blogdoedvaldomagalhaes.com.br\/wp-content\/uploads\/2016\/09\/Foto28129.jpg\" width=\"320\" \/><\/a><\/div>\n<div class=\"separator\" style=\"clear: both; text-align: center;\">\n<\/div>\n<p>Morreu nesta ter\u00e7a-feira (13) o educador f\u00edsico Jo\u00e3o Mariano (Bisteca),&nbsp;ex-funcion\u00e1rio do Central S.C. e da Asces Unita.<\/p>\n<div class=\"separator\" style=\"clear: both; text-align: center;\">\n<\/div>\n<div class=\"separator\" style=\"clear: both; text-align: center;\">\n<a href=\"https:\/\/2.bp.blogspot.com\/-CVIuBDXsTZ0\/V9iBwvUTaTI\/AAAAAAAAGUU\/6oDc7RsnOPcpJrfDV9ifFfYs91EncWFWACEw\/s1600\/Foto%2B%25282%2529.jpg\" imageanchor=\"1\" style=\"margin-left: 1em; margin-right: 1em;\"><img loading=\"lazy\" decoding=\"async\" border=\"0\" height=\"320\" src=\"http:\/\/blogdoedvaldomagalhaes.com.br\/wp-content\/uploads\/2016\/09\/Foto28229.jpg\" width=\"137\" \/><\/a><\/div>\n<p>\nMariano trabalhou por mais de 20 anos no Central, o clube decretou luto oficial por tr\u00eas dias.<\/p>\n<div class=\"separator\" style=\"clear: both; text-align: center;\">\n<a href=\"https:\/\/3.bp.blogspot.com\/-fto2RdzdznU\/V9iBwjPY9sI\/AAAAAAAAGUY\/vD5yY9GgWN0Gt55NXcR51d9bDMLHOiISACEw\/s1600\/Foto%2B%25283%2529.jpg\" imageanchor=\"1\" style=\"margin-left: 1em; margin-right: 1em;\"><img loading=\"lazy\" decoding=\"async\" border=\"0\" height=\"266\" src=\"http:\/\/blogdoedvaldomagalhaes.com.br\/wp-content\/uploads\/2016\/09\/Foto28329.jpg\" width=\"400\" \/><\/a><\/div>\n<p>\nAs informa\u00e7\u00f5es s\u00e3o de que o corpo dever\u00e1 ser liberado amanh\u00e3 a tarde. Ainda n\u00e3o existe hor\u00e1rio e local do enterro.<\/p>\n","protected":false},"excerpt":{"rendered":"<p>Morreu nesta ter\u00e7a-feira (13) o educador f\u00edsico Jo\u00e3o Mariano (Bisteca),&nbsp;ex-funcion\u00e1rio do Central S.C. e da Asces Unita. Mariano trabalhou por&hellip;<\/p>\n","protected":false},"author":1,"featured_media":0,"comment_status":"open","ping_status":"open","sticky":false,"template":"","format":"standard","meta":{"footnotes":""},"categories":[1],"tags":[1513,2,12168,12287,12288,6],"class_list":["post-8313","post","type-post","status-publish","format-standard","hentry","category-sem-categoria","tag-asces-unita","tag-blog-do-edvaldo-magalhaes","tag-central-s-c","tag-joao-mariano-bisteca","tag-morre-ex-funcionario-do-central-e-da-asces","tag-noticias"],"_links":{"self":[{"href":"https:\/\/blogdoedvaldomagalhaes.com.br\/index.php\/wp-json\/wp\/v2\/posts\/8313","targetHints":{"allow":["GET"]}}],"collection":[{"href":"https:\/\/blogdoedvaldomagalhaes.com.br\/index.php\/wp-json\/wp\/v2\/posts"}],"about":[{"href":"https:\/\/blogdoedvaldomagalhaes.com.br\/index.php\/wp-json\/wp\/v2\/types\/post"}],"author":[{"embeddable":true,"href":"https:\/\/blogdoedvaldomagalhaes.com.br\/index.php\/wp-json\/wp\/v2\/users\/1"}],"replies":[{"embeddable":true,"href":"https:\/\/blogdoedvaldomagalhaes.com.br\/index.php\/wp-json\/wp\/v2\/comments?post=8313"}],"version-history":[{"count":1,"href":"https:\/\/blogdoedvaldomagalhaes.com.br\/index.php\/wp-json\/wp\/v2\/posts\/8313\/revisions"}],"predecessor-version":[{"id":12364,"href":"https:\/\/blogdoedvaldomagalhaes.com.br\/index.php\/wp-json\/wp\/v2\/posts\/8313\/revisions\/12364"}],"wp:attachment":[{"href":"https:\/\/blogdoedvaldomagalhaes.com.br\/index.php\/wp-json\/wp\/v2\/media?parent=8313"}],"wp:term":[{"taxonomy":"category","embeddable":true,"href":"https:\/\/blogdoedvaldomagalhaes.com.br\/index.php\/wp-json\/wp\/v2\/categories?post=8313"},{"taxonomy":"post_tag","embeddable":true,"href":"https:\/\/blogdoedvaldomagalhaes.com.br\/index.php\/wp-json\/wp\/v2\/tags?post=8313"}],"curies":[{"name":"wp","href":"https:\/\/api.w.org\/{rel}","templated":true}]}}