{"id":83122,"date":"2022-05-16T12:49:22","date_gmt":"2022-05-16T15:49:22","guid":{"rendered":"https:\/\/blogdoedvaldomagalhaes.com.br\/?p=83122"},"modified":"2022-05-16T12:57:54","modified_gmt":"2022-05-16T15:57:54","slug":"morre-em-sergipe-o-cantor-bibiu-caruaru","status":"publish","type":"post","link":"https:\/\/blogdoedvaldomagalhaes.com.br\/index.php\/2022\/05\/16\/morre-em-sergipe-o-cantor-bibiu-caruaru\/","title":{"rendered":"Morre em Sergipe, o cantor Bibiu Caruaru"},"content":{"rendered":"<p style=\"text-align: justify;\">Morreu nesse domingo (15), em Aracaju, Sergipe, onde residia, o cantor de forr\u00f3 Bibiu de Caruaru. Ele tinha problemas de sa\u00fade h\u00e1 v\u00e1rios anos.<\/p>\n<p style=\"text-align: justify;\">Entre os v\u00e1rios sucessos, T\u00e1 Bom Demais, Obrigado Caruaru, Muito Macho e Chamego Bom.<\/p>\n<p>Por Helenivaldo Pereira.<\/p>\n","protected":false},"excerpt":{"rendered":"<p>Morreu nesse domingo (15), em Aracaju, Sergipe, onde residia, o cantor de forr\u00f3 Bibiu de Caruaru. Ele tinha problemas de&hellip;<\/p>\n","protected":false},"author":1,"featured_media":83123,"comment_status":"open","ping_status":"open","sticky":false,"template":"","format":"standard","meta":{"footnotes":""},"categories":[14120],"tags":[2,19532,3406,24640],"class_list":["post-83122","post","type-post","status-publish","format-standard","has-post-thumbnail","hentry","category-noticias","tag-blog-do-edvaldo-magalhaes","tag-blog-mais-acessado-e-visualizado-de-caruaru-e-regiao","tag-caruaru","tag-morre-em-sergipe-o-cantor-bibiu-caruaru"],"_links":{"self":[{"href":"https:\/\/blogdoedvaldomagalhaes.com.br\/index.php\/wp-json\/wp\/v2\/posts\/83122","targetHints":{"allow":["GET"]}}],"collection":[{"href":"https:\/\/blogdoedvaldomagalhaes.com.br\/index.php\/wp-json\/wp\/v2\/posts"}],"about":[{"href":"https:\/\/blogdoedvaldomagalhaes.com.br\/index.php\/wp-json\/wp\/v2\/types\/post"}],"author":[{"embeddable":true,"href":"https:\/\/blogdoedvaldomagalhaes.com.br\/index.php\/wp-json\/wp\/v2\/users\/1"}],"replies":[{"embeddable":true,"href":"https:\/\/blogdoedvaldomagalhaes.com.br\/index.php\/wp-json\/wp\/v2\/comments?post=83122"}],"version-history":[{"count":2,"href":"https:\/\/blogdoedvaldomagalhaes.com.br\/index.php\/wp-json\/wp\/v2\/posts\/83122\/revisions"}],"predecessor-version":[{"id":83126,"href":"https:\/\/blogdoedvaldomagalhaes.com.br\/index.php\/wp-json\/wp\/v2\/posts\/83122\/revisions\/83126"}],"wp:featuredmedia":[{"embeddable":true,"href":"https:\/\/blogdoedvaldomagalhaes.com.br\/index.php\/wp-json\/wp\/v2\/media\/83123"}],"wp:attachment":[{"href":"https:\/\/blogdoedvaldomagalhaes.com.br\/index.php\/wp-json\/wp\/v2\/media?parent=83122"}],"wp:term":[{"taxonomy":"category","embeddable":true,"href":"https:\/\/blogdoedvaldomagalhaes.com.br\/index.php\/wp-json\/wp\/v2\/categories?post=83122"},{"taxonomy":"post_tag","embeddable":true,"href":"https:\/\/blogdoedvaldomagalhaes.com.br\/index.php\/wp-json\/wp\/v2\/tags?post=83122"}],"curies":[{"name":"wp","href":"https:\/\/api.w.org\/{rel}","templated":true}]}}