{"id":83118,"date":"2022-05-16T12:14:25","date_gmt":"2022-05-16T15:14:25","guid":{"rendered":"https:\/\/blogdoedvaldomagalhaes.com.br\/?p=83118"},"modified":"2022-05-16T12:14:26","modified_gmt":"2022-05-16T15:14:26","slug":"homem-nao-aceita-separacao-e-e-preso-apos-invadir-casa-da-ex-esposa-com-injurias-e-difamacoes","status":"publish","type":"post","link":"https:\/\/blogdoedvaldomagalhaes.com.br\/index.php\/2022\/05\/16\/homem-nao-aceita-separacao-e-e-preso-apos-invadir-casa-da-ex-esposa-com-injurias-e-difamacoes\/","title":{"rendered":"Homem n\u00e3o aceita separa\u00e7\u00e3o e \u00e9 preso, ap\u00f3s invadir casa da ex-esposa  com inj\u00farias e difama\u00e7\u00f5es"},"content":{"rendered":"<p style=\"text-align: justify;\">Policiais militares do RPMon (Cavalaria) prenderam um homem por inj\u00faria e viol\u00eancia dom\u00e9stica, no in\u00edcio da madrugada desta segunda-feira (16\/05), na Rua Maria Regina da Concei\u00e7\u00e3o, no Alto do Moura, em Caruaru. O efetivo foi acionado pela Central de R\u00e1dio do 4\u00ba BPM e foi at\u00e9 o local fazer a checagem, constando a veracidade dos fatos.<\/p>\n<p style=\"text-align: justify;\">Foi verificado que o agressor n\u00e3o aceitava a separa\u00e7\u00e3o da companheira, foi at\u00e9 a casa da v\u00edtima e for\u00e7ou a entrada desferindo pontap\u00e9s no port\u00e3o de acesso \u00e0 resid\u00eancia, proferindo inj\u00farias e difama\u00e7\u00f5es contra a ex-esposa.<\/p>\n<p style=\"text-align: justify;\">Ele foi conduzido para a Delegacia da Mulher, onde foi formalizada a pris\u00e3o em flagrante em desfavor do envolvido.<\/p>\n<p style=\"text-align: justify;\">N\u00e3o foram divulgados nome e foto do suspeito.<\/p>\n","protected":false},"excerpt":{"rendered":"<p>Policiais militares do RPMon (Cavalaria) prenderam um homem por inj\u00faria e viol\u00eancia dom\u00e9stica, no in\u00edcio da madrugada desta segunda-feira (16\/05),&hellip;<\/p>\n","protected":false},"author":1,"featured_media":12835,"comment_status":"open","ping_status":"open","sticky":false,"template":"","format":"standard","meta":{"footnotes":""},"categories":[14121],"tags":[23569,2,3406],"class_list":["post-83118","post","type-post","status-publish","format-standard","has-post-thumbnail","hentry","category-policial","tag-bkog-mais-acessado-e-visualizado-de-caruaru","tag-blog-do-edvaldo-magalhaes","tag-caruaru"],"_links":{"self":[{"href":"https:\/\/blogdoedvaldomagalhaes.com.br\/index.php\/wp-json\/wp\/v2\/posts\/83118","targetHints":{"allow":["GET"]}}],"collection":[{"href":"https:\/\/blogdoedvaldomagalhaes.com.br\/index.php\/wp-json\/wp\/v2\/posts"}],"about":[{"href":"https:\/\/blogdoedvaldomagalhaes.com.br\/index.php\/wp-json\/wp\/v2\/types\/post"}],"author":[{"embeddable":true,"href":"https:\/\/blogdoedvaldomagalhaes.com.br\/index.php\/wp-json\/wp\/v2\/users\/1"}],"replies":[{"embeddable":true,"href":"https:\/\/blogdoedvaldomagalhaes.com.br\/index.php\/wp-json\/wp\/v2\/comments?post=83118"}],"version-history":[{"count":1,"href":"https:\/\/blogdoedvaldomagalhaes.com.br\/index.php\/wp-json\/wp\/v2\/posts\/83118\/revisions"}],"predecessor-version":[{"id":83119,"href":"https:\/\/blogdoedvaldomagalhaes.com.br\/index.php\/wp-json\/wp\/v2\/posts\/83118\/revisions\/83119"}],"wp:featuredmedia":[{"embeddable":true,"href":"https:\/\/blogdoedvaldomagalhaes.com.br\/index.php\/wp-json\/wp\/v2\/media\/12835"}],"wp:attachment":[{"href":"https:\/\/blogdoedvaldomagalhaes.com.br\/index.php\/wp-json\/wp\/v2\/media?parent=83118"}],"wp:term":[{"taxonomy":"category","embeddable":true,"href":"https:\/\/blogdoedvaldomagalhaes.com.br\/index.php\/wp-json\/wp\/v2\/categories?post=83118"},{"taxonomy":"post_tag","embeddable":true,"href":"https:\/\/blogdoedvaldomagalhaes.com.br\/index.php\/wp-json\/wp\/v2\/tags?post=83118"}],"curies":[{"name":"wp","href":"https:\/\/api.w.org\/{rel}","templated":true}]}}