{"id":83111,"date":"2022-05-16T10:40:54","date_gmt":"2022-05-16T13:40:54","guid":{"rendered":"https:\/\/blogdoedvaldomagalhaes.com.br\/?p=83111"},"modified":"2022-05-16T10:40:56","modified_gmt":"2022-05-16T13:40:56","slug":"carlos-paiva-lanca-livro-de-poesia-declarando-amor-a-caruaru","status":"publish","type":"post","link":"https:\/\/blogdoedvaldomagalhaes.com.br\/index.php\/2022\/05\/16\/carlos-paiva-lanca-livro-de-poesia-declarando-amor-a-caruaru\/","title":{"rendered":"Carlos Paiva lan\u00e7a livro de poesia declarando amor \u00e0 Caruaru"},"content":{"rendered":"<p style=\"text-align: justify;\">\u201cO Rio A Cidade O Tempo O Mundo\u201d \u00e9 o t\u00edtulo do livro de poesia que ser\u00e1 lan\u00e7ado pelo escritor Carlos Paiva, no dia 19 de maio, \u00e0s 19h30, no audit\u00f3rio 2 do Campus 1 do Centro Universit\u00e1rio Tabosa de Almeida (Asces-Unita). O lan\u00e7amento da obra liter\u00e1ria est\u00e1 no contexto da semana do anivers\u00e1rio de 165 anos de Caruaru e tem o apoio da universidade, do Instituto Hist\u00f3rico de Caruaru (IHC) e da Academia Caruaruense de Cultura, Ci\u00eancias e Letras (Acaccil).<\/p>\n<p style=\"text-align: justify;\">Trata-se de uma declara\u00e7\u00e3o de amor \u00e0 cidade, ao seu povo, \u00e0 cultura, ao Alto do Moura e ao Rio Ipojuca, onde o autor utiliza-se da sensibilidade para \u201cgritar\u201d sua paix\u00e3o pelo que viveu e vive desde 1988, ano em que trocou sua terra natal, Recife, pela Capital do Agreste. Nas 141 p\u00e1ginas, o autor se prop\u00f5e a levar os leitores a uma verdadeira viagem \u00e0quela Caruaru que lhe acolheu como filho adotivo, atrav\u00e9s dos versos de sua poesia reflexiva num imagin\u00e1rio \u00e1lbum de fotografias.<\/p>\n<p style=\"text-align: justify;\">Al\u00e9m de presentear Caruaru com o lan\u00e7amento do livro, que foi escrito nos \u00faltimos dois anos, a obra provoca a sociedade ao questionar o que estamos fazendo com o Rio Ipojuca? \u201cO Rio, infelizmente, ainda \u00e9 muito subestimado n\u00e3o s\u00f3 pela popula\u00e7\u00e3o, mas tamb\u00e9m pelo poder p\u00fablico. Mas sem o Ipojuca, provavelmente n\u00e3o existiria Caruaru. Esse livro \u00e9 basicamente uma esp\u00e9cie de acusa\u00e7\u00e3o com o que estamos fazendo com ele, que resiste em respirar\u201d, comentou Paiva.<\/p>\n<p style=\"text-align: justify;\">A programa\u00e7\u00e3o consta de col\u00f3quio cultural com o autor e a participa\u00e7\u00e3o do historiador Walmir\u00e9 Dimeron e do jornalista Almir Vila Nova (\u00e2ncora do AB1 da TV Asa Branca), seguido de intera\u00e7\u00e3o com convidados e alunos (como atividade universit\u00e1ria complementar), dos cursos da \u00e1rea de Humanas do Centro Universit\u00e1rio.<\/p>\n<p style=\"text-align: justify;\">O pref\u00e1cio \u00e9 do historiador e editor Walmir\u00e9 Dimeron, que tamb\u00e9m assina a produ\u00e7\u00e3o executiva atrav\u00e9s da WDimeron. J\u00e1 o projeto gr\u00e1fico \u00e9 do ModPix Studio, ilustra\u00e7\u00f5es de Cezar Siqueira e capa e diagrama\u00e7\u00e3o de Wilson Morais. A impress\u00e3o do livro \u00e9 da CEPE &#8211; Companhia Editora de Pernambuco.<\/p>\n<p style=\"text-align: justify;\"><strong>Sobre o autor<\/strong> \u2013 Carlos Paiva \u00e9 natural de Recife, onde formou-se em Ci\u00eancias Cont\u00e1beis pela Universidade Federal de Pernambuco (UFPE). Sua vida profissional foi no Sebrae-PE, tendo atuado nas unidades da Capital, Garanhuns e Caruaru. Teve seu trabalho reconhecido por v\u00e1rias oportunidades, a exemplo do Executivo do Ano, pela Associa\u00e7\u00e3o Comercial e Empresarial de Caruaru, em 2000, e o Pr\u00eamio Raimundo Ferreira de Empreendedorismo, concedido por entidades representativas da classe empresarial de Caruaru, em 2003.<\/p>\n<p>Cr\u00e9dito fotos: Photo Shopping.<\/p>\n","protected":false},"excerpt":{"rendered":"<p>\u201cO Rio A Cidade O Tempo O Mundo\u201d \u00e9 o t\u00edtulo do livro de poesia que ser\u00e1 lan\u00e7ado pelo escritor&hellip;<\/p>\n","protected":false},"author":1,"featured_media":83112,"comment_status":"open","ping_status":"open","sticky":false,"template":"","format":"standard","meta":{"footnotes":""},"categories":[14120],"tags":[2,19532,24636,3406],"class_list":["post-83111","post","type-post","status-publish","format-standard","has-post-thumbnail","hentry","category-noticias","tag-blog-do-edvaldo-magalhaes","tag-blog-mais-acessado-e-visualizado-de-caruaru-e-regiao","tag-carlos-paiva-lanca-livro-de-poesia-declarando-amor-a-caruaru","tag-caruaru"],"_links":{"self":[{"href":"https:\/\/blogdoedvaldomagalhaes.com.br\/index.php\/wp-json\/wp\/v2\/posts\/83111","targetHints":{"allow":["GET"]}}],"collection":[{"href":"https:\/\/blogdoedvaldomagalhaes.com.br\/index.php\/wp-json\/wp\/v2\/posts"}],"about":[{"href":"https:\/\/blogdoedvaldomagalhaes.com.br\/index.php\/wp-json\/wp\/v2\/types\/post"}],"author":[{"embeddable":true,"href":"https:\/\/blogdoedvaldomagalhaes.com.br\/index.php\/wp-json\/wp\/v2\/users\/1"}],"replies":[{"embeddable":true,"href":"https:\/\/blogdoedvaldomagalhaes.com.br\/index.php\/wp-json\/wp\/v2\/comments?post=83111"}],"version-history":[{"count":1,"href":"https:\/\/blogdoedvaldomagalhaes.com.br\/index.php\/wp-json\/wp\/v2\/posts\/83111\/revisions"}],"predecessor-version":[{"id":83113,"href":"https:\/\/blogdoedvaldomagalhaes.com.br\/index.php\/wp-json\/wp\/v2\/posts\/83111\/revisions\/83113"}],"wp:featuredmedia":[{"embeddable":true,"href":"https:\/\/blogdoedvaldomagalhaes.com.br\/index.php\/wp-json\/wp\/v2\/media\/83112"}],"wp:attachment":[{"href":"https:\/\/blogdoedvaldomagalhaes.com.br\/index.php\/wp-json\/wp\/v2\/media?parent=83111"}],"wp:term":[{"taxonomy":"category","embeddable":true,"href":"https:\/\/blogdoedvaldomagalhaes.com.br\/index.php\/wp-json\/wp\/v2\/categories?post=83111"},{"taxonomy":"post_tag","embeddable":true,"href":"https:\/\/blogdoedvaldomagalhaes.com.br\/index.php\/wp-json\/wp\/v2\/tags?post=83111"}],"curies":[{"name":"wp","href":"https:\/\/api.w.org\/{rel}","templated":true}]}}