{"id":83108,"date":"2022-05-16T10:30:49","date_gmt":"2022-05-16T13:30:49","guid":{"rendered":"https:\/\/blogdoedvaldomagalhaes.com.br\/?p=83108"},"modified":"2022-05-16T10:30:51","modified_gmt":"2022-05-16T13:30:51","slug":"16a-semana-de-enfermagem-esta-com-inscricoes-abertas-gratuitamente","status":"publish","type":"post","link":"https:\/\/blogdoedvaldomagalhaes.com.br\/index.php\/2022\/05\/16\/16a-semana-de-enfermagem-esta-com-inscricoes-abertas-gratuitamente\/","title":{"rendered":"16\u00aa Semana de Enfermagem est\u00e1 com inscri\u00e7\u00f5es abertas gratuitamente"},"content":{"rendered":"<p style=\"text-align: justify;\"><span style=\"font-size: inherit;\">O Centro Universit\u00e1rio UniFavip Wyden promove, nos dias 17 e 19 de maio, \u00e0s 19h, a 16\u00aa Semana de Enfermagem com o tema \u201cEnfermagem no p\u00f3s-pandemia: Desafios para o novo contexto do cuidado\u201d. A proposta do evento \u00e9 inserir o corpo discente da institui\u00e7\u00e3o em pautas relacionadas \u00e0 reflex\u00e3o do perfil profissional no momento p\u00f3s-pand\u00eamico e abordar a\u00e7\u00f5es de caracter\u00edstica te\u00f3rica, pr\u00e1tica e cultural da profiss\u00e3o.<\/span><\/p>\n<p style=\"text-align: justify;\">O evento contar\u00e1 com uma vasta programa\u00e7\u00e3o que cont\u00e9m mesas-redondas, sarau cultura, apresenta\u00e7\u00f5es de trabalhos cient\u00edficos, cursos livres e palestras, com diversos convidados das mais variadas \u00e1reas da enfermagem. Os interessados em participar do evento devem acessar este link https:\/\/www.even3.com.br\/semanadeenfermagemunifavip para conferir mais sobre a programa\u00e7\u00e3o completa, detalhes sobre os palestrantes e outras informa\u00e7\u00f5es.<\/p>\n","protected":false},"excerpt":{"rendered":"<p>O Centro Universit\u00e1rio UniFavip Wyden promove, nos dias 17 e 19 de maio, \u00e0s 19h, a 16\u00aa Semana de Enfermagem&hellip;<\/p>\n","protected":false},"author":1,"featured_media":83109,"comment_status":"open","ping_status":"open","sticky":false,"template":"","format":"standard","meta":{"footnotes":""},"categories":[14120],"tags":[24635,2,19532,3406],"class_list":["post-83108","post","type-post","status-publish","format-standard","has-post-thumbnail","hentry","category-noticias","tag-16a-semana-de-enfermagem-esta-com-inscricoes-abertas-gratuitamente","tag-blog-do-edvaldo-magalhaes","tag-blog-mais-acessado-e-visualizado-de-caruaru-e-regiao","tag-caruaru"],"_links":{"self":[{"href":"https:\/\/blogdoedvaldomagalhaes.com.br\/index.php\/wp-json\/wp\/v2\/posts\/83108","targetHints":{"allow":["GET"]}}],"collection":[{"href":"https:\/\/blogdoedvaldomagalhaes.com.br\/index.php\/wp-json\/wp\/v2\/posts"}],"about":[{"href":"https:\/\/blogdoedvaldomagalhaes.com.br\/index.php\/wp-json\/wp\/v2\/types\/post"}],"author":[{"embeddable":true,"href":"https:\/\/blogdoedvaldomagalhaes.com.br\/index.php\/wp-json\/wp\/v2\/users\/1"}],"replies":[{"embeddable":true,"href":"https:\/\/blogdoedvaldomagalhaes.com.br\/index.php\/wp-json\/wp\/v2\/comments?post=83108"}],"version-history":[{"count":1,"href":"https:\/\/blogdoedvaldomagalhaes.com.br\/index.php\/wp-json\/wp\/v2\/posts\/83108\/revisions"}],"predecessor-version":[{"id":83110,"href":"https:\/\/blogdoedvaldomagalhaes.com.br\/index.php\/wp-json\/wp\/v2\/posts\/83108\/revisions\/83110"}],"wp:featuredmedia":[{"embeddable":true,"href":"https:\/\/blogdoedvaldomagalhaes.com.br\/index.php\/wp-json\/wp\/v2\/media\/83109"}],"wp:attachment":[{"href":"https:\/\/blogdoedvaldomagalhaes.com.br\/index.php\/wp-json\/wp\/v2\/media?parent=83108"}],"wp:term":[{"taxonomy":"category","embeddable":true,"href":"https:\/\/blogdoedvaldomagalhaes.com.br\/index.php\/wp-json\/wp\/v2\/categories?post=83108"},{"taxonomy":"post_tag","embeddable":true,"href":"https:\/\/blogdoedvaldomagalhaes.com.br\/index.php\/wp-json\/wp\/v2\/tags?post=83108"}],"curies":[{"name":"wp","href":"https:\/\/api.w.org\/{rel}","templated":true}]}}