{"id":831,"date":"2018-11-01T16:25:00","date_gmt":"2018-11-01T18:25:00","guid":{"rendered":"http:\/\/blogdoedvaldomagalhaes.com.br\/index.php\/2018\/11\/01\/vereador-intervem-junto-ao-ministerio\/"},"modified":"2019-02-09T02:37:49","modified_gmt":"2019-02-09T04:37:49","slug":"vereador-intervem-junto-ao-ministerio","status":"publish","type":"post","link":"https:\/\/blogdoedvaldomagalhaes.com.br\/index.php\/2018\/11\/01\/vereador-intervem-junto-ao-ministerio\/","title":{"rendered":"Vereador interv\u00e9m junto ao Minist\u00e9rio P\u00fablico reabertura de cl\u00ednica veterin\u00e1ria em Caruaru"},"content":{"rendered":"<div class=\"separator\" style=\"clear: both; text-align: center;\">\n<a href=\"https:\/\/3.bp.blogspot.com\/-3CqjSyDfQic\/W9sndFVXEfI\/AAAAAAAA8xY\/odqyZBec3-w9p2FxxKxiqWyWqe0WfxLdQCLcBGAs\/s1600\/ele%2B1.jpg\" imageanchor=\"1\" style=\"margin-left: 1em; margin-right: 1em;\"><img loading=\"lazy\" decoding=\"async\" border=\"0\" data-original-height=\"317\" data-original-width=\"500\" height=\"404\" src=\"http:\/\/blogdoedvaldomagalhaes.com.br\/wp-content\/uploads\/2018\/11\/ele1.jpg\" width=\"640\" \/><\/a><\/div>\n<p><\/p>\n<div style=\"background-color: white; box-sizing: border-box; line-height: 24px; margin-bottom: 10px; text-align: justify;\">\nNa manh\u00e3 dessa quarta feira(31), o vereador Fagner Fernandes, representantes do Instituto Quatro Patas, da Uni\u00e3o em Respeito e Defesa a Vida Animal e da Secretaria de Servi\u00e7os P\u00fablicos e Ger\u00eancia de Prote\u00e7\u00e3o Animal estiveram reunidos em audi\u00eancia no Minist\u00e9rio P\u00fablico, para tratar sobre a suspens\u00e3o dos servi\u00e7os de consulta veterin\u00e1ria e castra\u00e7\u00f5es ofertados pela GPA. O \u00f3rg\u00e3o n\u00e3o disponibiliza os servi\u00e7os desde 23 de novembro de 2017.<\/p>\n<p>A audi\u00eancia foi mediada pela promotora Gilka Miranda. Na oportunidade estiveram presentes a m\u00e9dica veterin\u00e1ria Aparecida Lima, que a convite do Minist\u00e9rio P\u00fablico realizou inspe\u00e7\u00e3o na Ger\u00eancia, hoje(31), poucas horas antes da reuni\u00e3o. A veterin\u00e1ria come\u00e7ou sua fala descrevendo a situa\u00e7\u00e3o da GPA em uma palavra: \u201cabandono\u201d.<\/p>\n<p>Segundo discurso da veterin\u00e1ria, al\u00e9m dos atendimentos suspensos, as condi\u00e7\u00f5es de estrutura s\u00e3o prec\u00e1rias. \u201cA maioria dos c\u00e3es vive numa \u00e1rea comum, onde me deparei com um c\u00e3o morto, em estado de rigidez cadav\u00e9rica, capim alto e muitos dejetos. No gatil a situa\u00e7\u00e3o n\u00e3o \u00e9 diferente, os mesmos se encontram enferrujados, sem nenhuma manuten\u00e7\u00e3o e muita sujeira\u201d, relatou a Aparecida que concluiu sua fala parabenizando a gest\u00e3o anterior e lamentando o retrocesso no qual a ger\u00eancia se encontra.<\/p>\n<p>Para o vereador Fagner, motivador da audi\u00eancia, alguma a\u00e7\u00e3o tem que ser tomada de forma imediata. \u201cH\u00e1 um ano os animais pertencentes a fam\u00edlias carentes, se encontram sem assist\u00eancia cl\u00ednica. As castra\u00e7\u00f5es foram suspensas e nenhuma a\u00e7\u00e3o para o controle de natalidade est\u00e1 sendo efetivada. A GPA precisa ser reerguida e seu corpo funcional ampliado, enquanto esses pontos n\u00e3o forem resolvidos, nossos animais continuaram sofrendo\u201d, destacou Fagner.&nbsp;<\/p>\n<\/div>\n<div class=\"separator\" style=\"clear: both; text-align: center;\">\n<a href=\"https:\/\/2.bp.blogspot.com\/-yUDXzzFnd5Q\/W9sne20vrcI\/AAAAAAAA8xc\/GY7Fb8x9JO0_PWXV7FShTIWVgJrwSV08QCLcBGAs\/s1600\/ele.jpg\" imageanchor=\"1\" style=\"margin-left: 1em; margin-right: 1em;\"><img loading=\"lazy\" decoding=\"async\" border=\"0\" data-original-height=\"332\" data-original-width=\"500\" height=\"424\" src=\"http:\/\/blogdoedvaldomagalhaes.com.br\/wp-content\/uploads\/2018\/11\/ele.jpg\" width=\"640\" \/><\/a><\/div>\n<p><\/p>\n<div style=\"background-color: white; box-sizing: border-box; line-height: 24px; margin-bottom: 10px; text-align: justify;\">\nAp\u00f3s a audi\u00eancia, a promotora determinou que a Secretaria de Servi\u00e7os P\u00fablicos, atrav\u00e9s da Ger\u00eancia de Prote\u00e7\u00e3o Animal deve at\u00e9 o dia 5 de dezembro de 2018, reabrir o consult\u00f3rio m\u00e9dico veterin\u00e1rio da GPA, contratar tr\u00eas veterin\u00e1rios e retomar os atendimentos de consultas, castra\u00e7\u00f5es e exames laboratoriais, por meio do chamamento p\u00fablico de cl\u00ednicas veterin\u00e1rias particulares, pela Prefeitura de Caruaru.<\/div>\n<div style=\"background-color: white; box-sizing: border-box; line-height: 24px; margin-bottom: 10px; text-align: justify;\">\nO vereador Fagner Fernandes tamb\u00e9m denunciou a Prefeitura de Caruaru na reuni\u00e3o ordin\u00e1ria da C\u00e2mara Municipal, na tarde desta quarta.&nbsp;<\/p>\n<\/div>\n<div style=\"background-color: white; box-sizing: border-box; line-height: 24px; margin-bottom: 10px; text-align: justify;\">\n<\/div>\n","protected":false},"excerpt":{"rendered":"<p>Na manh\u00e3 dessa quarta feira(31), o vereador Fagner Fernandes, representantes do Instituto Quatro Patas, da Uni\u00e3o em Respeito e Defesa&hellip;<\/p>\n","protected":false},"author":1,"featured_media":0,"comment_status":"open","ping_status":"open","sticky":false,"template":"","format":"standard","meta":{"footnotes":""},"categories":[1],"tags":[2,20,775],"class_list":["post-831","post","type-post","status-publish","format-standard","hentry","category-sem-categoria","tag-blog-do-edvaldo-magalhaes","tag-politica","tag-vereador-intervem-junto-ao-ministerio-publico-reabertura-de-clinica-veterinaria-em-caruaru"],"_links":{"self":[{"href":"https:\/\/blogdoedvaldomagalhaes.com.br\/index.php\/wp-json\/wp\/v2\/posts\/831","targetHints":{"allow":["GET"]}}],"collection":[{"href":"https:\/\/blogdoedvaldomagalhaes.com.br\/index.php\/wp-json\/wp\/v2\/posts"}],"about":[{"href":"https:\/\/blogdoedvaldomagalhaes.com.br\/index.php\/wp-json\/wp\/v2\/types\/post"}],"author":[{"embeddable":true,"href":"https:\/\/blogdoedvaldomagalhaes.com.br\/index.php\/wp-json\/wp\/v2\/users\/1"}],"replies":[{"embeddable":true,"href":"https:\/\/blogdoedvaldomagalhaes.com.br\/index.php\/wp-json\/wp\/v2\/comments?post=831"}],"version-history":[{"count":1,"href":"https:\/\/blogdoedvaldomagalhaes.com.br\/index.php\/wp-json\/wp\/v2\/posts\/831\/revisions"}],"predecessor-version":[{"id":35456,"href":"https:\/\/blogdoedvaldomagalhaes.com.br\/index.php\/wp-json\/wp\/v2\/posts\/831\/revisions\/35456"}],"wp:attachment":[{"href":"https:\/\/blogdoedvaldomagalhaes.com.br\/index.php\/wp-json\/wp\/v2\/media?parent=831"}],"wp:term":[{"taxonomy":"category","embeddable":true,"href":"https:\/\/blogdoedvaldomagalhaes.com.br\/index.php\/wp-json\/wp\/v2\/categories?post=831"},{"taxonomy":"post_tag","embeddable":true,"href":"https:\/\/blogdoedvaldomagalhaes.com.br\/index.php\/wp-json\/wp\/v2\/tags?post=831"}],"curies":[{"name":"wp","href":"https:\/\/api.w.org\/{rel}","templated":true}]}}