{"id":83094,"date":"2022-05-15T23:00:39","date_gmt":"2022-05-16T02:00:39","guid":{"rendered":"https:\/\/blogdoedvaldomagalhaes.com.br\/?p=83094"},"modified":"2022-05-15T23:25:12","modified_gmt":"2022-05-16T02:25:12","slug":"vereador-val-lima-recepciona-anderson-ferreira-e-gilson-machado-em-caruaru","status":"publish","type":"post","link":"https:\/\/blogdoedvaldomagalhaes.com.br\/index.php\/2022\/05\/15\/vereador-val-lima-recepciona-anderson-ferreira-e-gilson-machado-em-caruaru\/","title":{"rendered":"Vereador Val Lima recepciona Anderson Ferreira e Gilson Machado em Caruaru"},"content":{"rendered":"<p style=\"text-align: justify;\">O vereador Val Lima, recepcionou os pr\u00e9-candidatos Anderson Ferreira ao governo do Estado e Gilson Machado ao Senado, nesse s\u00e1bado (14), em Caruaru.<\/p>\n\n\n<figure class=\"wp-block-image size-large\"><img loading=\"lazy\" decoding=\"async\" width=\"1024\" height=\"576\" src=\"https:\/\/blogdoedvaldomagalhaes.com.br\/wp-content\/uploads\/2022\/05\/IMG-20220514-WA0115-1024x576.jpeg\" alt=\"\" class=\"wp-image-83098\" srcset=\"https:\/\/blogdoedvaldomagalhaes.com.br\/wp-content\/uploads\/2022\/05\/IMG-20220514-WA0115-1024x576.jpeg 1024w, https:\/\/blogdoedvaldomagalhaes.com.br\/wp-content\/uploads\/2022\/05\/IMG-20220514-WA0115-300x169.jpeg 300w, https:\/\/blogdoedvaldomagalhaes.com.br\/wp-content\/uploads\/2022\/05\/IMG-20220514-WA0115-768x432.jpeg 768w, https:\/\/blogdoedvaldomagalhaes.com.br\/wp-content\/uploads\/2022\/05\/IMG-20220514-WA0115-1536x864.jpeg 1536w, https:\/\/blogdoedvaldomagalhaes.com.br\/wp-content\/uploads\/2022\/05\/IMG-20220514-WA0115-2048x1152.jpeg 2048w, https:\/\/blogdoedvaldomagalhaes.com.br\/wp-content\/uploads\/2022\/05\/IMG-20220514-WA0115-1140x641.jpeg 1140w, https:\/\/blogdoedvaldomagalhaes.com.br\/wp-content\/uploads\/2022\/05\/IMG-20220514-WA0115-720x405.jpeg 720w\" sizes=\"auto, (max-width: 1024px) 100vw, 1024px\" \/><\/figure>\n\n\n<p style=\"text-align: justify;\">Pela manh\u00e3 todos estiveram no Caf\u00e9 Guarani, no centro, depois visitaram o compositor Onildo Almeida. \u00c0 tarde Val Lima recepcionou todos em sua propriedade no sitio Salgadinho, na zona rural de Caruaru, estiveram presentes mais de 300 empres\u00e1rios do ramo de confec\u00e7\u00f5es.\u00a0 O deputado estadual Alberto Feitosa e o deputado federal Andr\u00e9\u00a0 Ferreira, compareceram.\u00a0<\/p>","protected":false},"excerpt":{"rendered":"<p>O vereador Val Lima, recepcionou os pr\u00e9-candidatos Anderson Ferreira ao governo do Estado e Gilson Machado ao Senado, nesse s\u00e1bado&hellip;<\/p>\n","protected":false},"author":1,"featured_media":83095,"comment_status":"open","ping_status":"open","sticky":false,"template":"","format":"standard","meta":{"footnotes":""},"categories":[14122],"tags":[2,19532,3406,24634],"class_list":["post-83094","post","type-post","status-publish","format-standard","has-post-thumbnail","hentry","category-politica","tag-blog-do-edvaldo-magalhaes","tag-blog-mais-acessado-e-visualizado-de-caruaru-e-regiao","tag-caruaru","tag-vereador-val-lima-recepciona-anderson-ferreira-e-gilson-machado-em-caruaru"],"_links":{"self":[{"href":"https:\/\/blogdoedvaldomagalhaes.com.br\/index.php\/wp-json\/wp\/v2\/posts\/83094","targetHints":{"allow":["GET"]}}],"collection":[{"href":"https:\/\/blogdoedvaldomagalhaes.com.br\/index.php\/wp-json\/wp\/v2\/posts"}],"about":[{"href":"https:\/\/blogdoedvaldomagalhaes.com.br\/index.php\/wp-json\/wp\/v2\/types\/post"}],"author":[{"embeddable":true,"href":"https:\/\/blogdoedvaldomagalhaes.com.br\/index.php\/wp-json\/wp\/v2\/users\/1"}],"replies":[{"embeddable":true,"href":"https:\/\/blogdoedvaldomagalhaes.com.br\/index.php\/wp-json\/wp\/v2\/comments?post=83094"}],"version-history":[{"count":6,"href":"https:\/\/blogdoedvaldomagalhaes.com.br\/index.php\/wp-json\/wp\/v2\/posts\/83094\/revisions"}],"predecessor-version":[{"id":83107,"href":"https:\/\/blogdoedvaldomagalhaes.com.br\/index.php\/wp-json\/wp\/v2\/posts\/83094\/revisions\/83107"}],"wp:featuredmedia":[{"embeddable":true,"href":"https:\/\/blogdoedvaldomagalhaes.com.br\/index.php\/wp-json\/wp\/v2\/media\/83095"}],"wp:attachment":[{"href":"https:\/\/blogdoedvaldomagalhaes.com.br\/index.php\/wp-json\/wp\/v2\/media?parent=83094"}],"wp:term":[{"taxonomy":"category","embeddable":true,"href":"https:\/\/blogdoedvaldomagalhaes.com.br\/index.php\/wp-json\/wp\/v2\/categories?post=83094"},{"taxonomy":"post_tag","embeddable":true,"href":"https:\/\/blogdoedvaldomagalhaes.com.br\/index.php\/wp-json\/wp\/v2\/tags?post=83094"}],"curies":[{"name":"wp","href":"https:\/\/api.w.org\/{rel}","templated":true}]}}