{"id":83051,"date":"2022-05-15T21:27:11","date_gmt":"2022-05-16T00:27:11","guid":{"rendered":"https:\/\/blogdoedvaldomagalhaes.com.br\/?p=83051"},"modified":"2022-08-09T21:56:07","modified_gmt":"2022-08-10T00:56:07","slug":"salve-o-ipojuca-chama-a-atencao-da-populacao-para-o-cuidado-com-o-rio","status":"publish","type":"post","link":"https:\/\/blogdoedvaldomagalhaes.com.br\/index.php\/2022\/05\/15\/salve-o-ipojuca-chama-a-atencao-da-populacao-para-o-cuidado-com-o-rio\/","title":{"rendered":"&#8216;Salve o Ipojuca&#8217; chama a aten\u00e7\u00e3o da popula\u00e7\u00e3o para o cuidado com o rio"},"content":{"rendered":"<p style=\"text-align: justify;\">O Movimento Ecol\u00f3gico SOS Rio Ipojuca, realizou neste domingo (15), o evento &#8216;Salve o Ipojuca&#8217;, em Caruaru, com a participa\u00e7\u00e3o de autoridades pol\u00edticas como: Rodrigo Pinheiro (prefeito de Caruaru), Cabo Cardoso, Jorge Quintino, Maur\u00edcio Caruaru\u00a0 e Aline Nascimento (vereadores), Erick Lessa (deputado estadual), \u00f3rg\u00e3os e entidades como Rotary, Lions Club, Compesa, al\u00e9m de caminhantes, corredores, ciclistas, motociclistas, artistas e populares.<\/p>\n\n\n<figure class=\"wp-block-image size-large\"><img loading=\"lazy\" decoding=\"async\" width=\"768\" height=\"1024\" src=\"https:\/\/blogdoedvaldomagalhaes.com.br\/wp-content\/uploads\/2022\/05\/IMG-20220515-WA0256-768x1024.jpg\" alt=\"\" class=\"wp-image-83056\" srcset=\"https:\/\/blogdoedvaldomagalhaes.com.br\/wp-content\/uploads\/2022\/05\/IMG-20220515-WA0256-768x1024.jpg 768w, https:\/\/blogdoedvaldomagalhaes.com.br\/wp-content\/uploads\/2022\/05\/IMG-20220515-WA0256-225x300.jpg 225w, https:\/\/blogdoedvaldomagalhaes.com.br\/wp-content\/uploads\/2022\/05\/IMG-20220515-WA0256-1152x1536.jpg 1152w, https:\/\/blogdoedvaldomagalhaes.com.br\/wp-content\/uploads\/2022\/05\/IMG-20220515-WA0256.jpg 1200w\" sizes=\"auto, (max-width: 768px) 100vw, 768px\" \/><\/figure>\n\n\n<p style=\"text-align: justify;\">A concentra\u00e7\u00e3o ocorreu no Celeiros Eventos, no centro da cidade, de onde sa\u00edram os caminhantes e ciclistas, que percorreram v\u00e1rias ruas e avenidas, com paradas importantes em locais por onde o Rio Ipojuca passa em Caruaru. Em seguida, todos retornaram ao local de partida.<\/p>\n\n\n<figure class=\"wp-block-image size-large\"><img loading=\"lazy\" decoding=\"async\" width=\"1024\" height=\"473\" src=\"https:\/\/blogdoedvaldomagalhaes.com.br\/wp-content\/uploads\/2022\/05\/IMG-20220515-WA0130-1024x473.jpg\" alt=\"\" class=\"wp-image-83059\" srcset=\"https:\/\/blogdoedvaldomagalhaes.com.br\/wp-content\/uploads\/2022\/05\/IMG-20220515-WA0130-1024x473.jpg 1024w, https:\/\/blogdoedvaldomagalhaes.com.br\/wp-content\/uploads\/2022\/05\/IMG-20220515-WA0130-300x139.jpg 300w, https:\/\/blogdoedvaldomagalhaes.com.br\/wp-content\/uploads\/2022\/05\/IMG-20220515-WA0130-768x355.jpg 768w, https:\/\/blogdoedvaldomagalhaes.com.br\/wp-content\/uploads\/2022\/05\/IMG-20220515-WA0130.jpg 1168w\" sizes=\"auto, (max-width: 1024px) 100vw, 1024px\" \/><\/figure>\n\n\n<p style=\"text-align: justify;\">No Celeiro Eventos, \u00e0s crian\u00e7as tiveram Mamuseb\u00e1, Pernas de Pau e Palha\u00e7os. Jovens e adultos visitaram o caminh\u00e3o &#8220;Compesa na Estrada&#8221;, onde tiveram v\u00e1rios conhecimentos sobre o meio ambiente, e ao final do evento foram entregues mudas de algumas plantas. Foi muito importante a presen\u00e7a da Compesa no evento com o caminh\u00e3o\u00a0 e a equipe\u00a0 enviados pela presidente Manuela Marinho.\u00a0<\/p>\n\n\n<figure class=\"wp-block-image size-large\"><img loading=\"lazy\" decoding=\"async\" width=\"1024\" height=\"768\" src=\"https:\/\/blogdoedvaldomagalhaes.com.br\/wp-content\/uploads\/2022\/05\/IMG-20220515-WA0242-1024x768.jpg\" alt=\"\" class=\"wp-image-83062\" srcset=\"https:\/\/blogdoedvaldomagalhaes.com.br\/wp-content\/uploads\/2022\/05\/IMG-20220515-WA0242-1024x768.jpg 1024w, https:\/\/blogdoedvaldomagalhaes.com.br\/wp-content\/uploads\/2022\/05\/IMG-20220515-WA0242-300x225.jpg 300w, https:\/\/blogdoedvaldomagalhaes.com.br\/wp-content\/uploads\/2022\/05\/IMG-20220515-WA0242-768x576.jpg 768w, https:\/\/blogdoedvaldomagalhaes.com.br\/wp-content\/uploads\/2022\/05\/IMG-20220515-WA0242-1536x1152.jpg 1536w, https:\/\/blogdoedvaldomagalhaes.com.br\/wp-content\/uploads\/2022\/05\/IMG-20220515-WA0242-160x120.jpg 160w, https:\/\/blogdoedvaldomagalhaes.com.br\/wp-content\/uploads\/2022\/05\/IMG-20220515-WA0242.jpg 1600w\" sizes=\"auto, (max-width: 1024px) 100vw, 1024px\" \/><\/figure>\n\n\n<p style=\"text-align: justify;\">O SOS Rio Ipojuca distribuiu gratuitamente alimentos, refrigerantes, \u00e1gua, picol\u00e9s e sorvetes.<\/p>\n\n\n<figure class=\"wp-block-image size-large\"><img loading=\"lazy\" decoding=\"async\" width=\"1024\" height=\"321\" src=\"https:\/\/blogdoedvaldomagalhaes.com.br\/wp-content\/uploads\/2022\/05\/IMG-20220515-WA0134-1024x321.jpg\" alt=\"\" class=\"wp-image-83068\" srcset=\"https:\/\/blogdoedvaldomagalhaes.com.br\/wp-content\/uploads\/2022\/05\/IMG-20220515-WA0134-1024x321.jpg 1024w, https:\/\/blogdoedvaldomagalhaes.com.br\/wp-content\/uploads\/2022\/05\/IMG-20220515-WA0134-300x94.jpg 300w, https:\/\/blogdoedvaldomagalhaes.com.br\/wp-content\/uploads\/2022\/05\/IMG-20220515-WA0134-768x241.jpg 768w, https:\/\/blogdoedvaldomagalhaes.com.br\/wp-content\/uploads\/2022\/05\/IMG-20220515-WA0134-1536x482.jpg 1536w, https:\/\/blogdoedvaldomagalhaes.com.br\/wp-content\/uploads\/2022\/05\/IMG-20220515-WA0134-2048x643.jpg 2048w\" sizes=\"auto, (max-width: 1024px) 100vw, 1024px\" \/><figcaption>Grupo Karat\u00ea Bonecos de Barro <\/figcaption><\/figure>\n\n\n<p style=\"text-align: justify;\">Homenagens foram prestadas \u00e0s pessoas que contribu\u00edram para o evento, entre elas ao deputado estadual Erick Lessa, que participou juntamente com a esposa e a filha,&nbsp; pedalando.<\/p>\n\n\n<figure class=\"wp-block-image size-large\"><img loading=\"lazy\" decoding=\"async\" width=\"1024\" height=\"768\" src=\"https:\/\/blogdoedvaldomagalhaes.com.br\/wp-content\/uploads\/2022\/05\/IMG-20220515-WA0234-1024x768.jpg\" alt=\"\" class=\"wp-image-83073\" srcset=\"https:\/\/blogdoedvaldomagalhaes.com.br\/wp-content\/uploads\/2022\/05\/IMG-20220515-WA0234-1024x768.jpg 1024w, https:\/\/blogdoedvaldomagalhaes.com.br\/wp-content\/uploads\/2022\/05\/IMG-20220515-WA0234-300x225.jpg 300w, https:\/\/blogdoedvaldomagalhaes.com.br\/wp-content\/uploads\/2022\/05\/IMG-20220515-WA0234-768x576.jpg 768w, https:\/\/blogdoedvaldomagalhaes.com.br\/wp-content\/uploads\/2022\/05\/IMG-20220515-WA0234-1536x1152.jpg 1536w, https:\/\/blogdoedvaldomagalhaes.com.br\/wp-content\/uploads\/2022\/05\/IMG-20220515-WA0234-160x120.jpg 160w, https:\/\/blogdoedvaldomagalhaes.com.br\/wp-content\/uploads\/2022\/05\/IMG-20220515-WA0234.jpg 1600w\" sizes=\"auto, (max-width: 1024px) 100vw, 1024px\" \/><\/figure>\n\n\n<p style=\"text-align: justify;\">Houve a apresenta\u00e7\u00e3o de v\u00e1rios artistas locais e regionais, entre eles Humberto Bonny, Valmir Silva, Kak\u00e1 Kantarelli, Laranjinha e Paulinha.<\/p>\n\n\n<figure class=\"wp-block-image size-large\"><img loading=\"lazy\" decoding=\"async\" width=\"576\" height=\"1024\" src=\"https:\/\/blogdoedvaldomagalhaes.com.br\/wp-content\/uploads\/2022\/05\/IMG-20220515-WA0200-576x1024.jpg\" alt=\"\" class=\"wp-image-83078\" srcset=\"https:\/\/blogdoedvaldomagalhaes.com.br\/wp-content\/uploads\/2022\/05\/IMG-20220515-WA0200-576x1024.jpg 576w, https:\/\/blogdoedvaldomagalhaes.com.br\/wp-content\/uploads\/2022\/05\/IMG-20220515-WA0200-169x300.jpg 169w, https:\/\/blogdoedvaldomagalhaes.com.br\/wp-content\/uploads\/2022\/05\/IMG-20220515-WA0200-768x1366.jpg 768w, https:\/\/blogdoedvaldomagalhaes.com.br\/wp-content\/uploads\/2022\/05\/IMG-20220515-WA0200-864x1536.jpg 864w, https:\/\/blogdoedvaldomagalhaes.com.br\/wp-content\/uploads\/2022\/05\/IMG-20220515-WA0200.jpg 899w\" sizes=\"auto, (max-width: 576px) 100vw, 576px\" \/><\/figure>\n\n\n<p style=\"text-align: justify;\">As equipes das nomes doaram alimentos n\u00e3o perec\u00edveis, que v\u00e3o beneficiar 26 fam\u00edlias carentes do Alto do Moura.<\/p>\n\n\n<figure class=\"wp-block-image size-large\"><img loading=\"lazy\" decoding=\"async\" width=\"1024\" height=\"576\" src=\"https:\/\/blogdoedvaldomagalhaes.com.br\/wp-content\/uploads\/2022\/05\/IMG-20220515-WA0082-1024x576.jpeg\" alt=\"\" class=\"wp-image-83081\" srcset=\"https:\/\/blogdoedvaldomagalhaes.com.br\/wp-content\/uploads\/2022\/05\/IMG-20220515-WA0082-1024x576.jpeg 1024w, https:\/\/blogdoedvaldomagalhaes.com.br\/wp-content\/uploads\/2022\/05\/IMG-20220515-WA0082-300x169.jpeg 300w, https:\/\/blogdoedvaldomagalhaes.com.br\/wp-content\/uploads\/2022\/05\/IMG-20220515-WA0082-768x432.jpeg 768w, https:\/\/blogdoedvaldomagalhaes.com.br\/wp-content\/uploads\/2022\/05\/IMG-20220515-WA0082-1536x864.jpeg 1536w, https:\/\/blogdoedvaldomagalhaes.com.br\/wp-content\/uploads\/2022\/05\/IMG-20220515-WA0082-2048x1152.jpeg 2048w, https:\/\/blogdoedvaldomagalhaes.com.br\/wp-content\/uploads\/2022\/05\/IMG-20220515-WA0082-1140x641.jpeg 1140w, https:\/\/blogdoedvaldomagalhaes.com.br\/wp-content\/uploads\/2022\/05\/IMG-20220515-WA0082-720x405.jpeg 720w\" sizes=\"auto, (max-width: 1024px) 100vw, 1024px\" \/><\/figure>\n\n\n<p style=\"text-align: justify;\">O Movimento Ecol\u00f3gico SOS Rio Ipojuca, agradece ao apoio de todos que colaboraram direto e diretamente com o evento e a imprensa pela divulga\u00e7\u00e3o.<\/p>\n\n\n<figure class=\"wp-block-image size-large\"><img loading=\"lazy\" decoding=\"async\" width=\"768\" height=\"1024\" src=\"https:\/\/blogdoedvaldomagalhaes.com.br\/wp-content\/uploads\/2022\/05\/IMG-20220515-WA0088.jpg\" alt=\"\" class=\"wp-image-83083\" srcset=\"https:\/\/blogdoedvaldomagalhaes.com.br\/wp-content\/uploads\/2022\/05\/IMG-20220515-WA0088.jpg 768w, https:\/\/blogdoedvaldomagalhaes.com.br\/wp-content\/uploads\/2022\/05\/IMG-20220515-WA0088-225x300.jpg 225w\" sizes=\"auto, (max-width: 768px) 100vw, 768px\" \/><figcaption>Foi muito importante a presen\u00e7a da Compesa<\/figcaption><\/figure>\n\n\n\n<figure class=\"wp-block-image size-large\"><img loading=\"lazy\" decoding=\"async\" width=\"1024\" height=\"768\" src=\"https:\/\/blogdoedvaldomagalhaes.com.br\/wp-content\/uploads\/2022\/05\/IMG-20220515-WA0077-1024x768.jpg\" alt=\"\" class=\"wp-image-83085\" srcset=\"https:\/\/blogdoedvaldomagalhaes.com.br\/wp-content\/uploads\/2022\/05\/IMG-20220515-WA0077-1024x768.jpg 1024w, https:\/\/blogdoedvaldomagalhaes.com.br\/wp-content\/uploads\/2022\/05\/IMG-20220515-WA0077-300x225.jpg 300w, https:\/\/blogdoedvaldomagalhaes.com.br\/wp-content\/uploads\/2022\/05\/IMG-20220515-WA0077-768x576.jpg 768w, https:\/\/blogdoedvaldomagalhaes.com.br\/wp-content\/uploads\/2022\/05\/IMG-20220515-WA0077-1536x1152.jpg 1536w, https:\/\/blogdoedvaldomagalhaes.com.br\/wp-content\/uploads\/2022\/05\/IMG-20220515-WA0077-160x120.jpg 160w, https:\/\/blogdoedvaldomagalhaes.com.br\/wp-content\/uploads\/2022\/05\/IMG-20220515-WA0077.jpg 1600w\" sizes=\"auto, (max-width: 1024px) 100vw, 1024px\" \/><figcaption>Lions Clube <\/figcaption><\/figure>\n\n\n\n<figure class=\"wp-block-image size-large\"><img loading=\"lazy\" decoding=\"async\" width=\"1024\" height=\"576\" src=\"https:\/\/blogdoedvaldomagalhaes.com.br\/wp-content\/uploads\/2022\/05\/IMG-20220515-WA0027-1024x576.jpeg\" alt=\"\" class=\"wp-image-83086\" srcset=\"https:\/\/blogdoedvaldomagalhaes.com.br\/wp-content\/uploads\/2022\/05\/IMG-20220515-WA0027-1024x576.jpeg 1024w, https:\/\/blogdoedvaldomagalhaes.com.br\/wp-content\/uploads\/2022\/05\/IMG-20220515-WA0027-300x169.jpeg 300w, https:\/\/blogdoedvaldomagalhaes.com.br\/wp-content\/uploads\/2022\/05\/IMG-20220515-WA0027-768x432.jpeg 768w, https:\/\/blogdoedvaldomagalhaes.com.br\/wp-content\/uploads\/2022\/05\/IMG-20220515-WA0027-1536x864.jpeg 1536w, https:\/\/blogdoedvaldomagalhaes.com.br\/wp-content\/uploads\/2022\/05\/IMG-20220515-WA0027-2048x1152.jpeg 2048w, https:\/\/blogdoedvaldomagalhaes.com.br\/wp-content\/uploads\/2022\/05\/IMG-20220515-WA0027-1140x641.jpeg 1140w, https:\/\/blogdoedvaldomagalhaes.com.br\/wp-content\/uploads\/2022\/05\/IMG-20220515-WA0027-720x405.jpeg 720w\" sizes=\"auto, (max-width: 1024px) 100vw, 1024px\" \/><figcaption>Federa\u00e7\u00e3o das Comidas Gigantes <\/figcaption><\/figure>\n\n\n\n<figure class=\"wp-block-image size-large\"><img loading=\"lazy\" decoding=\"async\" width=\"768\" height=\"1024\" src=\"https:\/\/blogdoedvaldomagalhaes.com.br\/wp-content\/uploads\/2022\/05\/IMG-20220515-WA0258-768x1024.jpg\" alt=\"\" class=\"wp-image-83089\" srcset=\"https:\/\/blogdoedvaldomagalhaes.com.br\/wp-content\/uploads\/2022\/05\/IMG-20220515-WA0258-768x1024.jpg 768w, https:\/\/blogdoedvaldomagalhaes.com.br\/wp-content\/uploads\/2022\/05\/IMG-20220515-WA0258-225x300.jpg 225w, https:\/\/blogdoedvaldomagalhaes.com.br\/wp-content\/uploads\/2022\/05\/IMG-20220515-WA0258-1152x1536.jpg 1152w, https:\/\/blogdoedvaldomagalhaes.com.br\/wp-content\/uploads\/2022\/05\/IMG-20220515-WA0258.jpg 1200w\" sizes=\"auto, (max-width: 768px) 100vw, 768px\" \/><figcaption>Pernas de Pau <\/figcaption><\/figure>\n\n\n\n<figure class=\"wp-block-image size-large\"><img loading=\"lazy\" decoding=\"async\" width=\"1024\" height=\"630\" src=\"https:\/\/blogdoedvaldomagalhaes.com.br\/wp-content\/uploads\/2022\/05\/IMG-20220516-WA0100-1024x630.jpg\" alt=\"\" class=\"wp-image-83139\" srcset=\"https:\/\/blogdoedvaldomagalhaes.com.br\/wp-content\/uploads\/2022\/05\/IMG-20220516-WA0100-1024x630.jpg 1024w, https:\/\/blogdoedvaldomagalhaes.com.br\/wp-content\/uploads\/2022\/05\/IMG-20220516-WA0100-300x184.jpg 300w, https:\/\/blogdoedvaldomagalhaes.com.br\/wp-content\/uploads\/2022\/05\/IMG-20220516-WA0100-768x472.jpg 768w, https:\/\/blogdoedvaldomagalhaes.com.br\/wp-content\/uploads\/2022\/05\/IMG-20220516-WA0100.jpg 1080w\" sizes=\"auto, (max-width: 1024px) 100vw, 1024px\" \/><figcaption>V\u00e1rios grupos de ciclistas participaram <\/figcaption><\/figure>\n\n\n\n<figure class=\"wp-block-image size-large\"><img loading=\"lazy\" decoding=\"async\" width=\"1024\" height=\"576\" src=\"https:\/\/blogdoedvaldomagalhaes.com.br\/wp-content\/uploads\/2022\/05\/IMG-20220516-WA0091-1024x576.jpg\" alt=\"\" class=\"wp-image-83142\" srcset=\"https:\/\/blogdoedvaldomagalhaes.com.br\/wp-content\/uploads\/2022\/05\/IMG-20220516-WA0091-1024x576.jpg 1024w, https:\/\/blogdoedvaldomagalhaes.com.br\/wp-content\/uploads\/2022\/05\/IMG-20220516-WA0091-300x169.jpg 300w, https:\/\/blogdoedvaldomagalhaes.com.br\/wp-content\/uploads\/2022\/05\/IMG-20220516-WA0091-768x432.jpg 768w, https:\/\/blogdoedvaldomagalhaes.com.br\/wp-content\/uploads\/2022\/05\/IMG-20220516-WA0091-1536x864.jpg 1536w, https:\/\/blogdoedvaldomagalhaes.com.br\/wp-content\/uploads\/2022\/05\/IMG-20220516-WA0091-1140x641.jpg 1140w, https:\/\/blogdoedvaldomagalhaes.com.br\/wp-content\/uploads\/2022\/05\/IMG-20220516-WA0091-720x405.jpg 720w, https:\/\/blogdoedvaldomagalhaes.com.br\/wp-content\/uploads\/2022\/05\/IMG-20220516-WA0091.jpg 1600w\" sizes=\"auto, (max-width: 1024px) 100vw, 1024px\" \/><figcaption>Ciclistas de Caruaru, Bezerros e S\u00e3o Caitano participaram<\/figcaption><\/figure>\n\n\n\n<figure class=\"wp-block-image size-large\"><img loading=\"lazy\" decoding=\"async\" width=\"1024\" height=\"768\" src=\"https:\/\/blogdoedvaldomagalhaes.com.br\/wp-content\/uploads\/2022\/05\/IMG-20220515-WA0129-1024x768.jpg\" alt=\"\" class=\"wp-image-83147\" srcset=\"https:\/\/blogdoedvaldomagalhaes.com.br\/wp-content\/uploads\/2022\/05\/IMG-20220515-WA0129-1024x768.jpg 1024w, https:\/\/blogdoedvaldomagalhaes.com.br\/wp-content\/uploads\/2022\/05\/IMG-20220515-WA0129-300x225.jpg 300w, https:\/\/blogdoedvaldomagalhaes.com.br\/wp-content\/uploads\/2022\/05\/IMG-20220515-WA0129-768x576.jpg 768w, https:\/\/blogdoedvaldomagalhaes.com.br\/wp-content\/uploads\/2022\/05\/IMG-20220515-WA0129-160x120.jpg 160w, https:\/\/blogdoedvaldomagalhaes.com.br\/wp-content\/uploads\/2022\/05\/IMG-20220515-WA0129.jpg 1280w\" sizes=\"auto, (max-width: 1024px) 100vw, 1024px\" \/><figcaption>Compesa levou conhecimento e esclarecimento <\/figcaption><\/figure>\n","protected":false},"excerpt":{"rendered":"<p>O Movimento Ecol\u00f3gico SOS Rio Ipojuca, realizou neste domingo (15), o evento &#8216;Salve o Ipojuca&#8217;, em Caruaru, com a participa\u00e7\u00e3o&hellip;<\/p>\n","protected":false},"author":1,"featured_media":83052,"comment_status":"open","ping_status":"open","sticky":false,"template":"","format":"standard","meta":{"footnotes":""},"categories":[14120],"tags":[24633,2,19532,3406],"class_list":["post-83051","post","type-post","status-publish","format-standard","has-post-thumbnail","hentry","category-noticias","tag-salve-o-ipojuca-chama-a-atencao-da-populacao-para-o-cuidado-com-o-rio","tag-blog-do-edvaldo-magalhaes","tag-blog-mais-acessado-e-visualizado-de-caruaru-e-regiao","tag-caruaru"],"_links":{"self":[{"href":"https:\/\/blogdoedvaldomagalhaes.com.br\/index.php\/wp-json\/wp\/v2\/posts\/83051","targetHints":{"allow":["GET"]}}],"collection":[{"href":"https:\/\/blogdoedvaldomagalhaes.com.br\/index.php\/wp-json\/wp\/v2\/posts"}],"about":[{"href":"https:\/\/blogdoedvaldomagalhaes.com.br\/index.php\/wp-json\/wp\/v2\/types\/post"}],"author":[{"embeddable":true,"href":"https:\/\/blogdoedvaldomagalhaes.com.br\/index.php\/wp-json\/wp\/v2\/users\/1"}],"replies":[{"embeddable":true,"href":"https:\/\/blogdoedvaldomagalhaes.com.br\/index.php\/wp-json\/wp\/v2\/comments?post=83051"}],"version-history":[{"count":24,"href":"https:\/\/blogdoedvaldomagalhaes.com.br\/index.php\/wp-json\/wp\/v2\/posts\/83051\/revisions"}],"predecessor-version":[{"id":86155,"href":"https:\/\/blogdoedvaldomagalhaes.com.br\/index.php\/wp-json\/wp\/v2\/posts\/83051\/revisions\/86155"}],"wp:featuredmedia":[{"embeddable":true,"href":"https:\/\/blogdoedvaldomagalhaes.com.br\/index.php\/wp-json\/wp\/v2\/media\/83052"}],"wp:attachment":[{"href":"https:\/\/blogdoedvaldomagalhaes.com.br\/index.php\/wp-json\/wp\/v2\/media?parent=83051"}],"wp:term":[{"taxonomy":"category","embeddable":true,"href":"https:\/\/blogdoedvaldomagalhaes.com.br\/index.php\/wp-json\/wp\/v2\/categories?post=83051"},{"taxonomy":"post_tag","embeddable":true,"href":"https:\/\/blogdoedvaldomagalhaes.com.br\/index.php\/wp-json\/wp\/v2\/tags?post=83051"}],"curies":[{"name":"wp","href":"https:\/\/api.w.org\/{rel}","templated":true}]}}