{"id":83047,"date":"2022-05-15T20:18:22","date_gmt":"2022-05-15T23:18:22","guid":{"rendered":"https:\/\/blogdoedvaldomagalhaes.com.br\/?p=83047"},"modified":"2022-05-15T20:18:23","modified_gmt":"2022-05-15T23:18:23","slug":"aniversario-de-caruaru-165-anos-pre-sao-joao-marcara-as-comemoracoes-em-alusao-a-data","status":"publish","type":"post","link":"https:\/\/blogdoedvaldomagalhaes.com.br\/index.php\/2022\/05\/15\/aniversario-de-caruaru-165-anos-pre-sao-joao-marcara-as-comemoracoes-em-alusao-a-data\/","title":{"rendered":"Anivers\u00e1rio de Caruaru 165 anos: Pr\u00e9-S\u00e3o Jo\u00e3o marcar\u00e1 as comemora\u00e7\u00f5es em alus\u00e3o a data"},"content":{"rendered":"<p style=\"text-align: justify;\">A Funda\u00e7\u00e3o de Cultura (FCC), realiza, nesta ter\u00e7a-feira (17), a partir das 20h, no estacionamento do Polo Caruaru, o evento Pr\u00e9-S\u00e3o Jo\u00e3o, em comemora\u00e7\u00e3o aos 165 anos da cidade. A festa ser\u00e1 comandada por tr\u00eas atra\u00e7\u00f5es de peso que subir\u00e3o em um trio el\u00e9trico, remetendo ao formato das drilhas, famosas nos anos 90 na \u00e9poca junina da cidade.<\/p>\n<p style=\"text-align: justify;\">Os shows ter\u00e3o in\u00edcio \u00e0s 19h, com apresenta\u00e7\u00e3o de Elifas J\u00fanior, conhecido como \u201cO Rei das Drilhas\u201d, que animar\u00e1 o p\u00fablico com seus grandes sucessos. Em seguida, \u00e0s 20h30, ser\u00e1 a vez de Z\u00e9 Felipe, que trar\u00e1 os hits do momento. Encerrando a noite, o cantor \u00c1vine Vinny far\u00e1 sua apresenta\u00e7\u00e3o \u00e0s 22h. Ele que j\u00e1 tocou por diversas vezes em Caruaru, inclusive no S\u00e3o Jo\u00e3o.<\/p>\n<p style=\"text-align: justify;\">O evento \u00e9 aberto ao p\u00fablico de forma gratuita. \u201cEsse ser\u00e1 nosso esquenta para o S\u00e3o Jo\u00e3o 2022. Tudo muito bem preparado para receber os caruaruenses da melhor forma poss\u00edvel, aquecer nossos cora\u00e7\u00f5es e reviver o gostinho da nossa festa junina, com grandes atra\u00e7\u00f5es e in\u00fameras lembran\u00e7as\u201d, pontuou o prefeito, Rodrigo Pinheiro.<\/p>\n<p style=\"text-align: justify;\">No dia 17, tamb\u00e9m ser\u00e1 divulgada a grade completa do S\u00e3o Jo\u00e3o 2022 com todas as atra\u00e7\u00f5es e respectivos polos.<\/p>\n<p style=\"text-align: justify;\">Programa\u00e7\u00e3o:<br \/>\n19h &#8211; Elifas Junior<br \/>\n20h30 &#8211; Z\u00e9 Felipe<br \/>\n22h \u2013 \u00c1vine Vinny<\/p>\n<p style=\"text-align: justify;\">Restri\u00e7\u00f5es para o evento<br \/>\nN\u00e3o ser\u00e1 permitida a entrada com:<br \/>\nArmas de fogo;<br \/>\nArmas Brancas;<br \/>\nDrogas Il\u00edcitas;<br \/>\nFogos de artif\u00edcio;<br \/>\nMesas e cadeiras;<br \/>\nCooler;<br \/>\nIsopor;<br \/>\nCaixa t\u00e9rmica;<br \/>\nBolsa t\u00e9rmica ou similar;<br \/>\nGarrafa ou copo de vidro;<br \/>\nCrian\u00e7as e adolescentes desacompanhados de respons\u00e1veis.<\/p>\n","protected":false},"excerpt":{"rendered":"<p>A Funda\u00e7\u00e3o de Cultura (FCC), realiza, nesta ter\u00e7a-feira (17), a partir das 20h, no estacionamento do Polo Caruaru, o evento&hellip;<\/p>\n","protected":false},"author":1,"featured_media":83049,"comment_status":"open","ping_status":"open","sticky":false,"template":"","format":"standard","meta":{"footnotes":""},"categories":[14120],"tags":[24632,2,19532,3406],"class_list":["post-83047","post","type-post","status-publish","format-standard","has-post-thumbnail","hentry","category-noticias","tag-aniversario-de-caruaru-165-anos-pre-sao-joao-marcara-as-comemoracoes-em-alusao-a-data","tag-blog-do-edvaldo-magalhaes","tag-blog-mais-acessado-e-visualizado-de-caruaru-e-regiao","tag-caruaru"],"_links":{"self":[{"href":"https:\/\/blogdoedvaldomagalhaes.com.br\/index.php\/wp-json\/wp\/v2\/posts\/83047","targetHints":{"allow":["GET"]}}],"collection":[{"href":"https:\/\/blogdoedvaldomagalhaes.com.br\/index.php\/wp-json\/wp\/v2\/posts"}],"about":[{"href":"https:\/\/blogdoedvaldomagalhaes.com.br\/index.php\/wp-json\/wp\/v2\/types\/post"}],"author":[{"embeddable":true,"href":"https:\/\/blogdoedvaldomagalhaes.com.br\/index.php\/wp-json\/wp\/v2\/users\/1"}],"replies":[{"embeddable":true,"href":"https:\/\/blogdoedvaldomagalhaes.com.br\/index.php\/wp-json\/wp\/v2\/comments?post=83047"}],"version-history":[{"count":1,"href":"https:\/\/blogdoedvaldomagalhaes.com.br\/index.php\/wp-json\/wp\/v2\/posts\/83047\/revisions"}],"predecessor-version":[{"id":83050,"href":"https:\/\/blogdoedvaldomagalhaes.com.br\/index.php\/wp-json\/wp\/v2\/posts\/83047\/revisions\/83050"}],"wp:featuredmedia":[{"embeddable":true,"href":"https:\/\/blogdoedvaldomagalhaes.com.br\/index.php\/wp-json\/wp\/v2\/media\/83049"}],"wp:attachment":[{"href":"https:\/\/blogdoedvaldomagalhaes.com.br\/index.php\/wp-json\/wp\/v2\/media?parent=83047"}],"wp:term":[{"taxonomy":"category","embeddable":true,"href":"https:\/\/blogdoedvaldomagalhaes.com.br\/index.php\/wp-json\/wp\/v2\/categories?post=83047"},{"taxonomy":"post_tag","embeddable":true,"href":"https:\/\/blogdoedvaldomagalhaes.com.br\/index.php\/wp-json\/wp\/v2\/tags?post=83047"}],"curies":[{"name":"wp","href":"https:\/\/api.w.org\/{rel}","templated":true}]}}