{"id":83042,"date":"2022-05-15T18:48:53","date_gmt":"2022-05-15T21:48:53","guid":{"rendered":"https:\/\/blogdoedvaldomagalhaes.com.br\/?p=83042"},"modified":"2022-05-15T19:02:15","modified_gmt":"2022-05-15T22:02:15","slug":"anderson-correia-reforca-parceira-com-o-biesp-no-combate-aos-meus-tratos-em-caruaru","status":"publish","type":"post","link":"https:\/\/blogdoedvaldomagalhaes.com.br\/index.php\/2022\/05\/15\/anderson-correia-reforca-parceira-com-o-biesp-no-combate-aos-meus-tratos-em-caruaru\/","title":{"rendered":"Anderson Correia refor\u00e7a parceira com o BIEsp no combate aos meus-tratos em Caruaru"},"content":{"rendered":"<p style=\"text-align: justify;\"><span style=\"font-size: inherit;\">Principal refer\u00eancia no combate aos maus-tratos no interior de Pernambuco, o vereador e pr\u00e9-candidato a deputado federal, Anderson Correia (PP), se reuniu com o comandante do 1\u00b0 Batalh\u00e3o Integrado Especializado &#8211; 1\u00b0 BIEsp, o tenente coronel Glaydson Carvalho, refor\u00e7ando a parceria entre as partes, no coibi\u00e7\u00e3o dos crimes de maus-tratos em Caruaru.<\/span><\/p>\n<p style=\"text-align: justify;\">\u201cNosso trabalho contra os maus-tratos \u00e9 algo muito delicado, mas que, com o apoio da pol\u00edcia, se torna mais abrangente e seguro, por todo o preparo que ela t\u00eam nas abordagens e outras situa\u00e7\u00f5es que surgem nas dilig\u00eancias. Por isso, estamos aqui refor\u00e7ando essa parceria e aproveitamos para agradecer ao BIEsp, por meio do comandante e meu amigo Glaydson Carvalho, que vem fazendo um excelente trabalho \u00e0 frente da corpora\u00e7\u00e3o. Vamos seguir juntos em prol da causa animal, com combate contra os maus-tratos\u201d, destacou o edil.<\/p>\n","protected":false},"excerpt":{"rendered":"<p>Principal refer\u00eancia no combate aos maus-tratos no interior de Pernambuco, o vereador e pr\u00e9-candidato a deputado federal, Anderson Correia (PP),&hellip;<\/p>\n","protected":false},"author":1,"featured_media":83045,"comment_status":"open","ping_status":"open","sticky":false,"template":"","format":"standard","meta":{"footnotes":""},"categories":[14122],"tags":[24631,2,19532,3406],"class_list":["post-83042","post","type-post","status-publish","format-standard","has-post-thumbnail","hentry","category-politica","tag-anderson-correia-reforca-parceira-com-o-biesp-no-combate-aos-meus-tratos-em-caruaru","tag-blog-do-edvaldo-magalhaes","tag-blog-mais-acessado-e-visualizado-de-caruaru-e-regiao","tag-caruaru"],"_links":{"self":[{"href":"https:\/\/blogdoedvaldomagalhaes.com.br\/index.php\/wp-json\/wp\/v2\/posts\/83042","targetHints":{"allow":["GET"]}}],"collection":[{"href":"https:\/\/blogdoedvaldomagalhaes.com.br\/index.php\/wp-json\/wp\/v2\/posts"}],"about":[{"href":"https:\/\/blogdoedvaldomagalhaes.com.br\/index.php\/wp-json\/wp\/v2\/types\/post"}],"author":[{"embeddable":true,"href":"https:\/\/blogdoedvaldomagalhaes.com.br\/index.php\/wp-json\/wp\/v2\/users\/1"}],"replies":[{"embeddable":true,"href":"https:\/\/blogdoedvaldomagalhaes.com.br\/index.php\/wp-json\/wp\/v2\/comments?post=83042"}],"version-history":[{"count":1,"href":"https:\/\/blogdoedvaldomagalhaes.com.br\/index.php\/wp-json\/wp\/v2\/posts\/83042\/revisions"}],"predecessor-version":[{"id":83044,"href":"https:\/\/blogdoedvaldomagalhaes.com.br\/index.php\/wp-json\/wp\/v2\/posts\/83042\/revisions\/83044"}],"wp:featuredmedia":[{"embeddable":true,"href":"https:\/\/blogdoedvaldomagalhaes.com.br\/index.php\/wp-json\/wp\/v2\/media\/83045"}],"wp:attachment":[{"href":"https:\/\/blogdoedvaldomagalhaes.com.br\/index.php\/wp-json\/wp\/v2\/media?parent=83042"}],"wp:term":[{"taxonomy":"category","embeddable":true,"href":"https:\/\/blogdoedvaldomagalhaes.com.br\/index.php\/wp-json\/wp\/v2\/categories?post=83042"},{"taxonomy":"post_tag","embeddable":true,"href":"https:\/\/blogdoedvaldomagalhaes.com.br\/index.php\/wp-json\/wp\/v2\/tags?post=83042"}],"curies":[{"name":"wp","href":"https:\/\/api.w.org\/{rel}","templated":true}]}}