{"id":8302,"date":"2016-09-14T23:31:00","date_gmt":"2016-09-15T02:31:00","guid":{"rendered":"http:\/\/blogdoedvaldomagalhaes.com.br\/index.php\/2016\/09\/14\/morre-professora-de-portugues-e-ospb\/"},"modified":"2019-02-09T00:59:07","modified_gmt":"2019-02-09T02:59:07","slug":"morre-professora-de-portugues-e-ospb","status":"publish","type":"post","link":"https:\/\/blogdoedvaldomagalhaes.com.br\/index.php\/2016\/09\/14\/morre-professora-de-portugues-e-ospb\/","title":{"rendered":"Morre professora de Portugu\u00eas e OSPB"},"content":{"rendered":"<div class=\"separator\" style=\"clear: both; text-align: center;\">\n<a href=\"https:\/\/2.bp.blogspot.com\/-YkGuK8KfFRU\/V9ncvwhdFEI\/AAAAAAAAGYg\/YP_uVl8pKXA3ntE5aKjppn4YNEbeNkCRgCLcB\/s1600\/terezinha.jpg\" imageanchor=\"1\" style=\"margin-left: 1em; margin-right: 1em;\"><img loading=\"lazy\" decoding=\"async\" border=\"0\" height=\"400\" src=\"http:\/\/blogdoedvaldomagalhaes.com.br\/wp-content\/uploads\/2016\/09\/terezinha.jpg\" width=\"300\" \/><\/a><\/div>\n<div style=\"text-align: justify;\">\n\u00c9 com profunda tristeza que divulgamos o falecimento da professora Terezinha Almeida no final da tarde desta quarta-feira (14).&nbsp;Estamos todos muito tristes com a noticia. Ela foi professora no Col\u00e9gio DIOCESANO de Caruaru e Vicente Monteiro. Muito inteligente e elegante, como sempre. Ensinou OSPB e PORTUGU\u00caS.<\/p>\n<\/div>\n<div style=\"text-align: justify;\">\nMestra em Portugu\u00eas, inesquec\u00edvel, querida de todos, marcou v\u00e1rias gera\u00e7\u00f5es, fez hist\u00f3ria, deixa um legado e com certeza est\u00e1 presente na mem\u00f3ria e no cora\u00e7\u00e3o de todos seus ex-alunos.<\/p>\n<\/div>\n<div class=\"separator\" style=\"clear: both; text-align: center;\">\n<a href=\"https:\/\/3.bp.blogspot.com\/-q_HVJm0q8Jc\/V9nh-RAGOkI\/AAAAAAAAGYo\/ijKpstygNRASsIbBQswofDcpks-wxmlMwCLcB\/s1600\/terezinha%2Balmeida.jpg\" imageanchor=\"1\" style=\"margin-left: 1em; margin-right: 1em;\"><img loading=\"lazy\" decoding=\"async\" border=\"0\" height=\"400\" src=\"http:\/\/blogdoedvaldomagalhaes.com.br\/wp-content\/uploads\/2016\/09\/terezinhaalmeida.jpg\" width=\"400\" \/><\/a><\/div>\n<div style=\"text-align: justify;\">\n<\/div>\n<div style=\"text-align: justify;\">\nFicam a gratid\u00e3o e o respeito de todos, pela profissional que ela foi. Que sempre buscou, exercer de forma grandiosa o seu papel de educadora. Descanse em Paz.<\/div>\n<div style=\"text-align: justify;\">\n<\/div>\n<div style=\"text-align: justify;\">\nSegundo informa\u00e7\u00f5es, ele faleceu em um hospital na capital pernambucana, o vel\u00f3rio acontece o Dom Bosco, o sepultamento ser\u00e1 \u00e0s 14h desta quinta-feira (15).<\/div>\n<div class=\"separator\" style=\"clear: both; text-align: center;\">\n<a href=\"https:\/\/1.bp.blogspot.com\/-rNPB9bCd5vI\/V9nfrwR4RNI\/AAAAAAAAGYk\/_05RCBJNVe4HM51y4DoMoIFiFnkag-3igCLcB\/s1600\/ela.jpg\" imageanchor=\"1\" style=\"margin-left: 1em; margin-right: 1em;\"><img loading=\"lazy\" decoding=\"async\" border=\"0\" height=\"400\" src=\"http:\/\/blogdoedvaldomagalhaes.com.br\/wp-content\/uploads\/2016\/09\/ela.jpg\" width=\"398\" \/><\/a><\/div>\n","protected":false},"excerpt":{"rendered":"<p>\u00c9 com profunda tristeza que divulgamos o falecimento da professora Terezinha Almeida no final da tarde desta quarta-feira (14).&nbsp;Estamos todos&hellip;<\/p>\n","protected":false},"author":1,"featured_media":0,"comment_status":"open","ping_status":"open","sticky":false,"template":"","format":"standard","meta":{"footnotes":""},"categories":[1],"tags":[2,3883,12267,12268,6,12269,2107],"class_list":["post-8302","post","type-post","status-publish","format-standard","hentry","category-sem-categoria","tag-blog-do-edvaldo-magalhaes","tag-colegio-diocesano","tag-escola-vicente-monteiro","tag-morre-professora-de-portugues-e-ospb","tag-noticias","tag-professora-terezinha-almeida","tag-ultimas-noticias-de-caruaru"],"_links":{"self":[{"href":"https:\/\/blogdoedvaldomagalhaes.com.br\/index.php\/wp-json\/wp\/v2\/posts\/8302","targetHints":{"allow":["GET"]}}],"collection":[{"href":"https:\/\/blogdoedvaldomagalhaes.com.br\/index.php\/wp-json\/wp\/v2\/posts"}],"about":[{"href":"https:\/\/blogdoedvaldomagalhaes.com.br\/index.php\/wp-json\/wp\/v2\/types\/post"}],"author":[{"embeddable":true,"href":"https:\/\/blogdoedvaldomagalhaes.com.br\/index.php\/wp-json\/wp\/v2\/users\/1"}],"replies":[{"embeddable":true,"href":"https:\/\/blogdoedvaldomagalhaes.com.br\/index.php\/wp-json\/wp\/v2\/comments?post=8302"}],"version-history":[{"count":1,"href":"https:\/\/blogdoedvaldomagalhaes.com.br\/index.php\/wp-json\/wp\/v2\/posts\/8302\/revisions"}],"predecessor-version":[{"id":12405,"href":"https:\/\/blogdoedvaldomagalhaes.com.br\/index.php\/wp-json\/wp\/v2\/posts\/8302\/revisions\/12405"}],"wp:attachment":[{"href":"https:\/\/blogdoedvaldomagalhaes.com.br\/index.php\/wp-json\/wp\/v2\/media?parent=8302"}],"wp:term":[{"taxonomy":"category","embeddable":true,"href":"https:\/\/blogdoedvaldomagalhaes.com.br\/index.php\/wp-json\/wp\/v2\/categories?post=8302"},{"taxonomy":"post_tag","embeddable":true,"href":"https:\/\/blogdoedvaldomagalhaes.com.br\/index.php\/wp-json\/wp\/v2\/tags?post=8302"}],"curies":[{"name":"wp","href":"https:\/\/api.w.org\/{rel}","templated":true}]}}