{"id":8301,"date":"2016-09-15T00:59:00","date_gmt":"2016-09-15T03:59:00","guid":{"rendered":"http:\/\/blogdoedvaldomagalhaes.com.br\/index.php\/2016\/09\/15\/caminhao-tomba-e-mata-agricultor-e\/"},"modified":"2019-02-09T00:59:12","modified_gmt":"2019-02-09T02:59:12","slug":"caminhao-tomba-e-mata-agricultor-e","status":"publish","type":"post","link":"https:\/\/blogdoedvaldomagalhaes.com.br\/index.php\/2016\/09\/15\/caminhao-tomba-e-mata-agricultor-e\/","title":{"rendered":"Caminh\u00e3o tomba e mata agricultor em Canhotinho"},"content":{"rendered":"<div class=\"separator\" style=\"clear: both; text-align: center;\">\n<a href=\"https:\/\/4.bp.blogspot.com\/-wo5c18WlL1E\/V9nyMU9RG1I\/AAAAAAAAGY4\/JY2BgVEprvYKCxckphv7fIs1g3heynDWACLcB\/s1600\/ACIDENTE.jpg\" imageanchor=\"1\" style=\"margin-left: 1em; margin-right: 1em;\"><img loading=\"lazy\" decoding=\"async\" border=\"0\" height=\"180\" src=\"http:\/\/blogdoedvaldomagalhaes.com.br\/wp-content\/uploads\/2016\/09\/ACIDENTE.jpg\" width=\"320\" \/><\/a><\/div>\n<div id=\"resize\" style=\"font-size: 15px; margin-top: 40px; text-align: justify;\">\n<div style=\"text-align: justify;\">\nUm ciclista morreu ap\u00f3s ser atingido<br \/>\npor um caminh\u00e3o na PE-170, em Canhotinho, Agreste pernambucano, nesta<br \/>\nquarta-feira (14). O ve\u00edculo, que estava carregado com cana-de-a\u00e7\u00facar,<br \/>\ntombou e caiu em cima de Davi Xisto Vilela, de 57 anos.<\/div>\n<div style=\"text-align: justify;\">\n<\/div>\n<div style=\"text-align: justify;\">\nO agricultor morava no S\u00edtio Cabaceira, zona rural de Canhotinho. O Corpo de Bombeiros removeu o caminh\u00e3o de cima da v\u00edtima.<\/div>\n<div style=\"text-align: justify;\">\n<\/div>\n<div style=\"text-align: justify;\">\nO corpo de Davi Xisto foi levado em um<br \/>\nve\u00edculo de uma funer\u00e1ria para o Instituto de Medicina Legal (IML) de<br \/>\nCaruaru. O motorista do caminh\u00e3o fugiu.<\/div>\n<\/div>\n","protected":false},"excerpt":{"rendered":"<p>Um ciclista morreu ap\u00f3s ser atingido por um caminh\u00e3o na PE-170, em Canhotinho, Agreste pernambucano, nesta quarta-feira (14). O ve\u00edculo,&hellip;<\/p>\n","protected":false},"author":1,"featured_media":0,"comment_status":"open","ping_status":"open","sticky":false,"template":"","format":"standard","meta":{"footnotes":""},"categories":[1],"tags":[12265,12266],"class_list":["post-8301","post","type-post","status-publish","format-standard","hentry","category-sem-categoria","tag-em-canhotinho","tag-um-ciclista-morreu-apos-ser-atingido-por-um-caminhao-na-pe-170"],"_links":{"self":[{"href":"https:\/\/blogdoedvaldomagalhaes.com.br\/index.php\/wp-json\/wp\/v2\/posts\/8301","targetHints":{"allow":["GET"]}}],"collection":[{"href":"https:\/\/blogdoedvaldomagalhaes.com.br\/index.php\/wp-json\/wp\/v2\/posts"}],"about":[{"href":"https:\/\/blogdoedvaldomagalhaes.com.br\/index.php\/wp-json\/wp\/v2\/types\/post"}],"author":[{"embeddable":true,"href":"https:\/\/blogdoedvaldomagalhaes.com.br\/index.php\/wp-json\/wp\/v2\/users\/1"}],"replies":[{"embeddable":true,"href":"https:\/\/blogdoedvaldomagalhaes.com.br\/index.php\/wp-json\/wp\/v2\/comments?post=8301"}],"version-history":[{"count":1,"href":"https:\/\/blogdoedvaldomagalhaes.com.br\/index.php\/wp-json\/wp\/v2\/posts\/8301\/revisions"}],"predecessor-version":[{"id":12407,"href":"https:\/\/blogdoedvaldomagalhaes.com.br\/index.php\/wp-json\/wp\/v2\/posts\/8301\/revisions\/12407"}],"wp:attachment":[{"href":"https:\/\/blogdoedvaldomagalhaes.com.br\/index.php\/wp-json\/wp\/v2\/media?parent=8301"}],"wp:term":[{"taxonomy":"category","embeddable":true,"href":"https:\/\/blogdoedvaldomagalhaes.com.br\/index.php\/wp-json\/wp\/v2\/categories?post=8301"},{"taxonomy":"post_tag","embeddable":true,"href":"https:\/\/blogdoedvaldomagalhaes.com.br\/index.php\/wp-json\/wp\/v2\/tags?post=8301"}],"curies":[{"name":"wp","href":"https:\/\/api.w.org\/{rel}","templated":true}]}}