{"id":8300,"date":"2016-09-15T02:53:00","date_gmt":"2016-09-15T05:53:00","guid":{"rendered":"http:\/\/blogdoedvaldomagalhaes.com.br\/index.php\/2016\/09\/15\/rivaldo-soares-decide-continuar\/"},"modified":"2019-02-09T00:59:12","modified_gmt":"2019-02-09T02:59:12","slug":"rivaldo-soares-decide-continuar","status":"publish","type":"post","link":"https:\/\/blogdoedvaldomagalhaes.com.br\/index.php\/2016\/09\/15\/rivaldo-soares-decide-continuar\/","title":{"rendered":"Rivaldo Soares decide continuar campanha para Prefeitura de Caruaru"},"content":{"rendered":"<div class=\"separator\" style=\"clear: both; text-align: center;\">\n<a href=\"https:\/\/3.bp.blogspot.com\/-CS8NfK_3sus\/V9oMDd_kQUI\/AAAAAAAAGZI\/ZO9ad38jCGcLBDrC87yPsUnt8jnUZADlACLcB\/s1600\/rivaldo.jpg\" imageanchor=\"1\" style=\"margin-left: 1em; margin-right: 1em;\"><img loading=\"lazy\" decoding=\"async\" border=\"0\" height=\"240\" src=\"http:\/\/blogdoedvaldomagalhaes.com.br\/wp-content\/uploads\/2016\/09\/rivaldo-1.jpg\" width=\"400\" \/><\/a><\/div>\n<div style=\"background-color: white; color: #1d2129; font-family: helvetica, arial, sans-serif; font-size: 14px; line-height: 19.32px; margin-bottom: 6px;\">\n<\/div>\n<div style=\"background-color: white; line-height: 19.32px; margin-bottom: 6px; text-align: justify;\">\nO empres\u00e1rio Rivaldo Soares (PHS), decidiu dar continuidade a campanha eleitoral, ap\u00f3s reuni\u00e3o realizada na noite desta quarta-feira (14), na sede do partido. Rivaldo publicou no seu perfil do facebook &#8220;HOJE, AP\u00d3S OUVIR MUITOS APELOS EM NOSSAS REDES SOCIAIS, DE OUVIR AS PESSOAS NAS RUAS DE CARUARU E DE OUVIR OS APELOS DOS CANDIDATOS DO MEU PARTIDO, DEPOIS DE UMA LONGA E TENSA REUNI\u00c3O DECIDI, EM CONJUNTO COM OS MEMBROS DA LEGENDA QUE PRESIDO, REPENSAR A DECIS\u00c3O QUE EU HAVIA TOMADO NO \u00daLTIMO DIA 13 E CONTINUAR MINHA CAMPANHA PELA PREFEITURA DE CARUARU.<\/div>\n<div style=\"background-color: white; line-height: 19.32px; margin-bottom: 6px; margin-top: 6px; text-align: justify;\">\nAGRADE\u00c7O O CARINHO DAS PESSOAS QUE ME APOIARAM E ENTENDERAM OS MOTIVOS PELO QUAL TOMEI A DECIS\u00c3O QUE AGORA REVOGO, PARA CONTINUAR NA DISPUTA.<\/div>\n<div style=\"background-color: white; display: inline; line-height: 19.32px; margin-top: 6px;\">\n<\/div>\n<div style=\"text-align: justify;\">\nJAMAIS DEIXEI DE ACREDITAR NAS PESSOAS E NA POSSIBILIDADE DE REVERTER AS ADVERSIDADES .<a class=\"_58cn\" data-ft=\"{&quot;tn&quot;:&quot;*N&quot;,&quot;type&quot;:104}\" href=\"https:\/\/web.facebook.com\/hashtag\/euacredito?source=feed_text&amp;story_id=1289136954450050\" style=\"cursor: pointer; text-decoration: none;\">#EuAcredito<\/a>&#8220;<\/div>\n","protected":false},"excerpt":{"rendered":"<p>O empres\u00e1rio Rivaldo Soares (PHS), decidiu dar continuidade a campanha eleitoral, ap\u00f3s reuni\u00e3o realizada na noite desta quarta-feira (14), na&hellip;<\/p>\n","protected":false},"author":1,"featured_media":0,"comment_status":"open","ping_status":"open","sticky":false,"template":"","format":"standard","meta":{"footnotes":""},"categories":[1],"tags":[2,11431,3121,12264],"class_list":["post-8300","post","type-post","status-publish","format-standard","hentry","category-sem-categoria","tag-blog-do-edvaldo-magalhaes","tag-eleicoes-2016","tag-noticias-da-politica","tag-rivaldo-soares-decide-continuar-campanha-para-prefeitura-de-caruaru"],"_links":{"self":[{"href":"https:\/\/blogdoedvaldomagalhaes.com.br\/index.php\/wp-json\/wp\/v2\/posts\/8300","targetHints":{"allow":["GET"]}}],"collection":[{"href":"https:\/\/blogdoedvaldomagalhaes.com.br\/index.php\/wp-json\/wp\/v2\/posts"}],"about":[{"href":"https:\/\/blogdoedvaldomagalhaes.com.br\/index.php\/wp-json\/wp\/v2\/types\/post"}],"author":[{"embeddable":true,"href":"https:\/\/blogdoedvaldomagalhaes.com.br\/index.php\/wp-json\/wp\/v2\/users\/1"}],"replies":[{"embeddable":true,"href":"https:\/\/blogdoedvaldomagalhaes.com.br\/index.php\/wp-json\/wp\/v2\/comments?post=8300"}],"version-history":[{"count":1,"href":"https:\/\/blogdoedvaldomagalhaes.com.br\/index.php\/wp-json\/wp\/v2\/posts\/8300\/revisions"}],"predecessor-version":[{"id":12409,"href":"https:\/\/blogdoedvaldomagalhaes.com.br\/index.php\/wp-json\/wp\/v2\/posts\/8300\/revisions\/12409"}],"wp:attachment":[{"href":"https:\/\/blogdoedvaldomagalhaes.com.br\/index.php\/wp-json\/wp\/v2\/media?parent=8300"}],"wp:term":[{"taxonomy":"category","embeddable":true,"href":"https:\/\/blogdoedvaldomagalhaes.com.br\/index.php\/wp-json\/wp\/v2\/categories?post=8300"},{"taxonomy":"post_tag","embeddable":true,"href":"https:\/\/blogdoedvaldomagalhaes.com.br\/index.php\/wp-json\/wp\/v2\/tags?post=8300"}],"curies":[{"name":"wp","href":"https:\/\/api.w.org\/{rel}","templated":true}]}}