{"id":830,"date":"2018-11-01T17:51:00","date_gmt":"2018-11-01T19:51:00","guid":{"rendered":"http:\/\/blogdoedvaldomagalhaes.com.br\/index.php\/2018\/11\/01\/confira-programacao-dos-cemiterios-de\/"},"modified":"2019-02-09T02:37:57","modified_gmt":"2019-02-09T04:37:57","slug":"confira-programacao-dos-cemiterios-de","status":"publish","type":"post","link":"https:\/\/blogdoedvaldomagalhaes.com.br\/index.php\/2018\/11\/01\/confira-programacao-dos-cemiterios-de\/","title":{"rendered":"Confira a programa\u00e7\u00e3o dos cemit\u00e9rios de Caruaru no Dia de Finados"},"content":{"rendered":"<div class=\"separator\" style=\"clear: both; text-align: center;\">\n<a href=\"https:\/\/2.bp.blogspot.com\/-ltOzicLzJyY\/W9s9ACESoUI\/AAAAAAAA8x0\/zldApt5KDAwab1jeAcIq7CYogsl_pTy9QCLcBGAs\/s1600\/IMG_20181101_135854677_HDR.jpg\" imageanchor=\"1\" style=\"margin-left: 1em; margin-right: 1em;\"><img loading=\"lazy\" decoding=\"async\" border=\"0\" data-original-height=\"1200\" data-original-width=\"1600\" height=\"480\" src=\"http:\/\/blogdoedvaldomagalhaes.com.br\/wp-content\/uploads\/2018\/11\/IMG_20181101_135854677_HDR.jpg\" width=\"640\" \/><\/a><\/div>\n<p><\/p>\n<div class=\"separator\" style=\"clear: both; text-align: center;\">\n<a href=\"https:\/\/4.bp.blogspot.com\/-z5GXb79LxSs\/W9tBAHYugrI\/AAAAAAAA8yQ\/p1Gh7xsgmF0-3k5qXFYHyvRyqlkL28frgCLcBGAs\/s1600\/s%25C3%25A3o.jpg\" imageanchor=\"1\" style=\"margin-left: 1em; margin-right: 1em;\"><img loading=\"lazy\" decoding=\"async\" border=\"0\" data-original-height=\"480\" data-original-width=\"640\" height=\"480\" src=\"http:\/\/blogdoedvaldomagalhaes.com.br\/wp-content\/uploads\/2018\/11\/sC3A3o.jpg\" width=\"640\" \/><\/a><\/div>\n<div class=\"separator\" style=\"clear: both; text-align: center;\">\nFotos do Blog do Edvaldo Magalh\u00e3es: Cemit\u00e9rio S\u00e3o Roque<\/div>\n<p><\/p>\n<div style=\"text-align: justify;\">\nA Prefeitura de Caruaru administra 21 cemit\u00e9rios no munic\u00edpio, sendo 02 cemit\u00e9rios na cidade e 19 na zona rural. Os cemit\u00e9rio na cidade s\u00e3o Dom Bosco no bairro Maur\u00edcio de Nassau e S\u00e3o Roque no bairro Centen\u00e1rio. Na zona rural s\u00e3o 19 Campos Santos, todos funcionar\u00e3o&nbsp;das 6h \u00e0s 18h, nesta sexta-feira (02) Dia de Finados.&nbsp;<\/div>\n<div style=\"text-align: justify;\">\n<\/div>\n<div style=\"text-align: justify;\">\nNo Cemit\u00e9rio Dom Bosco s\u00e3o aguardadas 30 mil pessoas neste sexta-feira (02) e haver\u00e1 tr\u00eas celebra\u00e7\u00f5es da Santa Missa, sendo \u00e0s 06h, \u00e0s 09h e \u00e0s 15h30.&nbsp;<\/div>\n<div style=\"text-align: justify;\">\n<\/div>\n<div style=\"text-align: justify;\">\nJ\u00e1 no cemit\u00e9rio S\u00e3o Roque, s\u00e3o aguardadas 10 mil pessoas para visita\u00e7\u00e3o no Dia de Finados, e haver\u00e1 duas celebra\u00e7\u00f5es da Santa Missa, sendo \u00e0s 7h30 e \u00e0s 16h30.<\/p>\n<p>Nos cemit\u00e9rios da zona rural n\u00e3o haver\u00e1 celebra\u00e7\u00e3o da Santa Missa.<\/p><\/div>\n<div style=\"text-align: justify;\">\n<\/div>\n<div class=\"separator\" style=\"clear: both; text-align: center;\">\n<a href=\"https:\/\/3.bp.blogspot.com\/-M6uCYjKhUfk\/W9tAwQyDy5I\/AAAAAAAA8yI\/NxuAGp0VLNIxZn7Au5qa9uUqoOXxIkynACLcBGAs\/s1600\/IMG-20181030-WA0113.jpg\" imageanchor=\"1\" style=\"margin-left: 1em; margin-right: 1em;\"><img loading=\"lazy\" decoding=\"async\" border=\"0\" data-original-height=\"640\" data-original-width=\"1280\" height=\"320\" src=\"http:\/\/blogdoedvaldomagalhaes.com.br\/wp-content\/uploads\/2018\/11\/IMG-20181030-WA0113.jpg\" width=\"640\" \/><\/a><\/div>\n<p><\/p>\n<div class=\"separator\" style=\"clear: both; text-align: center;\">\n<a href=\"https:\/\/3.bp.blogspot.com\/-HJq_ZnTLUuU\/W9tAw_mmrUI\/AAAAAAAA8yM\/LvNPU8dqT0wLRM65ULuuNfpV0DUxl7fhACLcBGAs\/s1600\/IMG-20181030-WA0114.jpg\" imageanchor=\"1\" style=\"margin-left: 1em; margin-right: 1em;\"><img loading=\"lazy\" decoding=\"async\" border=\"0\" data-original-height=\"640\" data-original-width=\"1280\" height=\"320\" src=\"http:\/\/blogdoedvaldomagalhaes.com.br\/wp-content\/uploads\/2018\/11\/IMG-20181030-WA0114.jpg\" width=\"640\" \/><\/a><\/div>\n<div style=\"text-align: center;\">\nFotos do Blog do Edvaldo Magalh\u00e3es: Cemit\u00e9rio Dom Bosco<\/div>\n<div style=\"text-align: center;\">\n<\/p>\n<div style=\"text-align: justify;\">\nO Cemit\u00e9rio Parque dos Arcos (particular), estar\u00e1 aberto das 06h \u00e0s 18h. A programa\u00e7\u00e3o come\u00e7a \u00e0s 8h30 com apresenta\u00e7\u00e3o da cantora Rosimar Lemos e a participa\u00e7\u00e3o de convidados infantis, \u00e0s 9h celebra\u00e7\u00e3o da Santa Missa presidida pelo Bispo Diocesano de Caruaru, Dom Bernardino Marchi\u00f3 (Dom Dino) e logo em seguida Tocata de Violinos. \u00e0s 15h apresenta\u00e7\u00e3o musical e \u00e0s 15h30 celebra\u00e7\u00e3o da Santa Missa presidida pelo Monsenhor Olivaldo, depois Tocata de Violino.<\/div>\n<div style=\"text-align: justify;\">\n<\/div>\n<div class=\"separator\" style=\"clear: both; text-align: center;\">\n<a href=\"https:\/\/4.bp.blogspot.com\/-tTfsi6NtZ2Q\/W9tD6ESc7UI\/AAAAAAAA8yg\/xESNdCzQBLIUtGvzO1oKM7sIEhQ2eTSpwCLcBGAs\/s1600\/pa.jpg\" imageanchor=\"1\" style=\"margin-left: 1em; margin-right: 1em;\"><img loading=\"lazy\" decoding=\"async\" border=\"0\" data-original-height=\"620\" data-original-width=\"1389\" height=\"284\" src=\"http:\/\/blogdoedvaldomagalhaes.com.br\/wp-content\/uploads\/2018\/11\/pa.jpg\" width=\"640\" \/><\/a><\/div>\n<div class=\"separator\" style=\"clear: both; text-align: center;\">\nFoto: Divulga\u00e7\u00e3o<\/div>\n<div style=\"text-align: justify;\">\n<\/div>\n<\/div>\n","protected":false},"excerpt":{"rendered":"<p>Fotos do Blog do Edvaldo Magalh\u00e3es: Cemit\u00e9rio S\u00e3o Roque A Prefeitura de Caruaru administra 21 cemit\u00e9rios no munic\u00edpio, sendo 02&hellip;<\/p>\n","protected":false},"author":1,"featured_media":0,"comment_status":"open","ping_status":"open","sticky":false,"template":"","format":"standard","meta":{"footnotes":""},"categories":[1],"tags":[2,774,6],"class_list":["post-830","post","type-post","status-publish","format-standard","hentry","category-sem-categoria","tag-blog-do-edvaldo-magalhaes","tag-confira-a-programacao-dos-cemiterios-de-caruaru-no-dia-de-finados","tag-noticias"],"_links":{"self":[{"href":"https:\/\/blogdoedvaldomagalhaes.com.br\/index.php\/wp-json\/wp\/v2\/posts\/830","targetHints":{"allow":["GET"]}}],"collection":[{"href":"https:\/\/blogdoedvaldomagalhaes.com.br\/index.php\/wp-json\/wp\/v2\/posts"}],"about":[{"href":"https:\/\/blogdoedvaldomagalhaes.com.br\/index.php\/wp-json\/wp\/v2\/types\/post"}],"author":[{"embeddable":true,"href":"https:\/\/blogdoedvaldomagalhaes.com.br\/index.php\/wp-json\/wp\/v2\/users\/1"}],"replies":[{"embeddable":true,"href":"https:\/\/blogdoedvaldomagalhaes.com.br\/index.php\/wp-json\/wp\/v2\/comments?post=830"}],"version-history":[{"count":1,"href":"https:\/\/blogdoedvaldomagalhaes.com.br\/index.php\/wp-json\/wp\/v2\/posts\/830\/revisions"}],"predecessor-version":[{"id":35462,"href":"https:\/\/blogdoedvaldomagalhaes.com.br\/index.php\/wp-json\/wp\/v2\/posts\/830\/revisions\/35462"}],"wp:attachment":[{"href":"https:\/\/blogdoedvaldomagalhaes.com.br\/index.php\/wp-json\/wp\/v2\/media?parent=830"}],"wp:term":[{"taxonomy":"category","embeddable":true,"href":"https:\/\/blogdoedvaldomagalhaes.com.br\/index.php\/wp-json\/wp\/v2\/categories?post=830"},{"taxonomy":"post_tag","embeddable":true,"href":"https:\/\/blogdoedvaldomagalhaes.com.br\/index.php\/wp-json\/wp\/v2\/tags?post=830"}],"curies":[{"name":"wp","href":"https:\/\/api.w.org\/{rel}","templated":true}]}}