{"id":829,"date":"2018-11-01T18:28:00","date_gmt":"2018-11-01T20:28:00","guid":{"rendered":"http:\/\/blogdoedvaldomagalhaes.com.br\/index.php\/2018\/11\/01\/prefeitura-de-caruaru-realiza-pela\/"},"modified":"2019-02-09T02:37:57","modified_gmt":"2019-02-09T04:37:57","slug":"prefeitura-de-caruaru-realiza-pela","status":"publish","type":"post","link":"https:\/\/blogdoedvaldomagalhaes.com.br\/index.php\/2018\/11\/01\/prefeitura-de-caruaru-realiza-pela\/","title":{"rendered":"Prefeitura de Caruaru realiza pela primeira vez maior Encontro Nordestino de Arboriza\u00e7\u00e3o Urbana"},"content":{"rendered":"<div class=\"separator\" style=\"clear: both; text-align: center;\">\n<a href=\"https:\/\/2.bp.blogspot.com\/-2aA0ujofBVA\/W9tE6s74mtI\/AAAAAAAA8yo\/cwIKATq1D84Yd4cCLmyknUi8XGvefnhPACLcBGAs\/s1600\/caruaru.jpeg\" imageanchor=\"1\" style=\"margin-left: 1em; margin-right: 1em;\"><img loading=\"lazy\" decoding=\"async\" border=\"0\" data-original-height=\"380\" data-original-width=\"1003\" height=\"242\" src=\"http:\/\/blogdoedvaldomagalhaes.com.br\/wp-content\/uploads\/2018\/11\/caruaru.jpeg\" width=\"640\" \/><\/a><\/div>\n<div style=\"text-align: justify;\">\n<\/div>\n<div style=\"text-align: justify;\">\nA Prefeitura de Caruaru, em parceria com a Sociedade Brasileira de Arboriza\u00e7\u00e3o (SBAU), a Universidade Federal de Pernambuco (UFPE) e a Universidade Estadual da Para\u00edba (UEPB), sedia, pela primeira vez em Caruaru, o V Encontro Nordestino de Arboriza\u00e7\u00e3o Urbana (ENAU), que acontece de 4 a 7 de novembro, no Centro de Conven\u00e7\u00f5es.<\/div>\n<div style=\"text-align: justify;\">\n<\/div>\n<div style=\"text-align: justify;\">\nO evento que \u00e9 refer\u00eancia em todo o pa\u00eds no quesito arboriza\u00e7\u00e3o e sustentabilidade, traz a tem\u00e1tica: \u201cArboriza\u00e7\u00e3o Urbana e Paisagismo: Os Caminhos da Sustentabilidade\u201d, com o objetivo de despertar na sociedade brasileira o dever individual e coletivo na preserva\u00e7\u00e3o e implanta\u00e7\u00e3o de \u00e1reas verdes urbanas, contemplando grandes nomes da arboricultura nacional e internacional, como o presidente da Internacional Society of Arboricute, Pedro Mendes Castro e o professor, doutor da Universidade Nacional de La Plata, na Argentina, Alfredo Benassi, com realiza\u00e7\u00e3o de workshop em escala em \u00e1rvores, minicursos, palestras e mesas redondas.<\/div>\n<div style=\"text-align: justify;\">\n<\/div>\n<div style=\"text-align: justify;\">\nO encontro servir\u00e1 tamb\u00e9m para sensibilizar a sociedade para a conserva\u00e7\u00e3o e amplia\u00e7\u00e3o das \u00e1reas verdes urbanas, destacando a sua import\u00e2ncia, a necessidade de sua sustentabilidade com a implanta\u00e7\u00e3o de pol\u00edticas p\u00fablicas voltadas \u00e0 forma\u00e7\u00e3o, recupera\u00e7\u00e3o e manuten\u00e7\u00e3o e, ainda, contemplar com importantes debates sobre as quest\u00f5es relacionadas \u00e0 arboricultura.<\/div>\n<div style=\"text-align: justify;\">\n<\/div>\n<div style=\"text-align: justify;\">\nAs inscri\u00e7\u00f5es seguem at\u00e9 o in\u00edcio do evento, atrav\u00e9s do site www.enau.caruaru.pe.gov.br, com valores de 60,00 at\u00e9 150,00 a depender da escolha do participante. No dia do in\u00edcio do evento, uma equipe tamb\u00e9m realizar\u00e1 inscri\u00e7\u00f5es.<\/div>\n<div style=\"text-align: justify;\">\n<\/div>\n<div style=\"text-align: justify;\">\nConfira a programa\u00e7\u00e3o completa:<\/div>\n<div style=\"text-align: justify;\">\n<\/div>\n<div style=\"text-align: justify;\">\n<b>DOMINGO \u2013 04\/11<\/b><\/div>\n<div style=\"text-align: justify;\">\n<\/div>\n<div style=\"text-align: justify;\">\n8h \u00e0s 12h \u2013 III WORKSHOP DE ESCALADA EM \u00c1RVORES<\/div>\n<div style=\"text-align: justify;\">\n<\/div>\n<div style=\"text-align: justify;\">\n\u00c1RVORES URBANAS \u2013 MANEJO E T\u00c9CNICAS DE SEGURAN\u00c7AS&nbsp;<\/div>\n<div style=\"text-align: justify;\">\n<\/div>\n<div style=\"text-align: justify;\">\nLOCAL: Parque Ambientalista Severino Montenegro \u2013 Bairro Indian\u00f3polis Caruaru-PE<\/div>\n<div style=\"text-align: justify;\">\n<\/div>\n<div style=\"text-align: justify;\">\nEng\u00ba Florestal Sidney Sebasti\u00e3o Brasil \u2013 Presidente do Comit\u00ea Brasileiro de Escalada em \u00c1rvores<\/div>\n<div style=\"text-align: justify;\">\n<\/div>\n<div style=\"text-align: justify;\">\n<\/div>\n<div style=\"text-align: justify;\">\n<b>SEGUNDA-FEIRA &#8211; 05\/11<\/b><\/div>\n<div style=\"text-align: justify;\">\n<\/div>\n<div style=\"text-align: justify;\">\n8h \u00e0s 12h -MINICURSOS<\/div>\n<div style=\"text-align: justify;\">\n<\/div>\n<div style=\"text-align: justify;\">\nLocal: Centro de Conven\u00e7\u00f5es de Caruaru &#8211; Avenida Maria Jos\u00e9 Lyra, 140 \u2013 Indian\u00f3polis<\/div>\n<div style=\"text-align: justify;\">\n<\/div>\n<div style=\"text-align: justify;\">\n1.FUNDAMENTOS PR\u00c1TICOS E TE\u00d3RICOS PARA ELABORA\u00c7\u00c3O DO PLANO DIRETOR EM ARBORIZA\u00c7\u00c3O URBANA&nbsp;<\/div>\n<div style=\"text-align: justify;\">\n<\/div>\n<div style=\"text-align: justify;\">\nBi\u00f3loga MSc. Maria do Carmo Sanchotene \u2013 Paisagista da Emba\u00faba Arquitetura e Paisagismo LTDA \u2013 Porto Alegre \u2013 RS\/ Ex-presidente da Sociedade Brasileira de Arboriza\u00e7\u00e3o Urbana \u2013 SBAU<\/div>\n<div style=\"text-align: justify;\">\n<\/div>\n<div style=\"text-align: justify;\">\n2. PAISAGISMO URBANO \u2013 MELHORES PR\u00c1TICAS NO MANEJO DA ARBORIZA\u00c7\u00c3O<\/div>\n<div style=\"text-align: justify;\">\n<\/div>\n<div style=\"text-align: justify;\">\nProf\u00ba. MSc. Jos\u00e9 Ricardo Martins da Silva \u2013 Eng\u00ba Agr\u00f4nomo da Prefeitura do Recife\/EMLURB (PAISAGISMO) \u2013 Ex-presidente da Sociedade Brasileira de Arboriza\u00e7\u00e3o Urbana \u2013 SBAU<\/div>\n<div style=\"text-align: justify;\">\n<\/div>\n<div style=\"text-align: justify;\">\n3. ECOPAISAGISMO URBANO<\/div>\n<div style=\"text-align: justify;\">\n<\/div>\n<div style=\"text-align: justify;\">\nProf\u00aa. Dra. Ana L\u00edcia Patriota Feliciano \u2013 Eng\u00aa Florestal da Universidade Federal Rural de Pernambuco \u2013 UFRPE<\/div>\n<div style=\"text-align: justify;\">\n<\/div>\n<div style=\"text-align: justify;\">\n12h \u00e0s 14h \u2013 ALMO\u00c7O<\/div>\n<div style=\"text-align: justify;\">\n<\/div>\n<div style=\"text-align: justify;\">\n14h \u00e0s 17h \u2013INSCRI\u00c7\u00d5ES E CREDENCIAMENTO \u2013Centro de Conven\u00e7\u00f5es do SENAC<\/div>\n<div style=\"text-align: justify;\">\n<\/div>\n<div style=\"text-align: justify;\">\n14h &#8211; SOLENIDADE DE ABERTURA \u2013 Centro de Conven\u00e7\u00f5es do SENAC<\/div>\n<div style=\"text-align: justify;\">\n<\/div>\n<div style=\"text-align: justify;\">\nHOMENAGENS: PR\u00caMIO ARBORISTA CHAPELA\u00c7O DE COURO:<\/div>\n<div style=\"text-align: justify;\">\n<\/div>\n<div style=\"text-align: justify;\">\n1.&nbsp; &nbsp; Jos\u00e9 Carlos Menezes \u2013 Presidente do V Encontro Nordestino de Arboriza\u00e7\u00e3o Urbana \u2013 V ENAU<\/div>\n<div style=\"text-align: justify;\">\n<\/div>\n<div style=\"text-align: justify;\">\n2.&nbsp; &nbsp; Pedro Mendes Castro \u2013 Presidente da Internacional SocietyofArboriculture \u2013 ISA<\/div>\n<div style=\"text-align: justify;\">\n<\/div>\n<div style=\"text-align: justify;\">\n3.&nbsp; &nbsp; Ambientalista Severino Montenegro \u2013 Caruaru\/PE<\/div>\n<div style=\"text-align: justify;\">\n<\/div>\n<div style=\"text-align: justify;\">\nAPRESENTA\u00c7\u00c3O CULTURAL<\/div>\n<div style=\"text-align: justify;\">\n<\/div>\n<div style=\"text-align: justify;\">\nPALESTRAS MAGISTRAIS<\/div>\n<div style=\"text-align: justify;\">\n<\/div>\n<div style=\"text-align: justify;\">\nArboricultura Internacional e o Avan\u00e7o Brasileiro<\/div>\n<div style=\"text-align: justify;\">\n<\/div>\n<div style=\"text-align: justify;\">\nEng\u00ba. Agr\u00f4nomo Pedro Mendes Castro \u2013Presidente da Internacional SocietyofArboriculture \u2013 ISA \/ Companhia Energ\u00e9tica de Minas Gerais \u2013 Cemig \u2013 MG \/ Ex-presidente da Sociedade Brasileira de Arboriza\u00e7\u00e3o Urbana \u2013 SBAU<\/div>\n<div style=\"text-align: justify;\">\n<\/div>\n<div style=\"text-align: justify;\">\nPaisagens, Paisagismo e Biodiversidade: Reflexos no Meio Urbano<\/div>\n<div style=\"text-align: justify;\">\n<\/div>\n<div style=\"text-align: justify;\">\nProf\u00ba. Dr. Giovanni Seabra &#8211; Universidade Federal da Para\u00edba &#8211; UFPB &#8211; Jo\u00e3o Pessoa \u2013 PB<\/div>\n<div style=\"text-align: justify;\">\n<\/div>\n<div style=\"text-align: justify;\">\n17h &#8211; COQUETEL<\/div>\n<div style=\"text-align: justify;\">\n<\/div>\n<div style=\"text-align: justify;\">\n<b>TER\u00c7A-FEIRA &#8211; 06\/11<\/b><\/div>\n<div style=\"text-align: justify;\">\n<\/div>\n<div style=\"text-align: justify;\">\n08h \u00e0s 10h \u2013 Mesa Redonda<\/div>\n<div style=\"text-align: justify;\">\n<\/div>\n<div style=\"text-align: justify;\">\nPAISAGISMO E ARBORIZA\u00c7\u00c3O URBANA: ENSINO PESQUISA E ARTE.<\/div>\n<div style=\"text-align: justify;\">\n<\/div>\n<div style=\"text-align: justify;\">\nCOORDENADOR:Paisagista S\u00e9rgio Chaves \u2013 Diretor de Paisagismo da Cidade de Jo\u00e3o Pessoa<\/div>\n<div style=\"text-align: justify;\">\n<\/div>\n<div style=\"text-align: justify;\">\nArboriza\u00e7\u00e3o e Arte na Paisagem de Burle Marx<\/div>\n<div style=\"text-align: justify;\">\n<\/div>\n<div style=\"text-align: justify;\">\nArquitetaF\u00e1tima Maria de Alves da Silva Mafra \u2013Pesquisadora do Laborat\u00f3rio da Paisagem do Departamento de Arquitetura e Urbanismo \u2013 UFPE<\/div>\n<div style=\"text-align: justify;\">\n<\/div>\n<div style=\"text-align: justify;\">\nSolu\u00e7\u00f5es de Recupera\u00e7\u00e3o da Paisagem em \u00c1reas Degradadas Urbanas<\/div>\n<div style=\"text-align: justify;\">\n<\/div>\n<div style=\"text-align: justify;\">\nAmbientalista Severino Montenegro \u2013 Caruaru &#8211; PE<\/div>\n<div style=\"text-align: justify;\">\n<\/div>\n<div style=\"text-align: justify;\">\nPanorama da Arboriza\u00e7\u00e3o Urbana em Cidades de at\u00e9 20.000 Habitantes<\/div>\n<div style=\"text-align: justify;\">\n<\/div>\n<div style=\"text-align: justify;\">\nEng\u00ba Agr\u00f4nomo Anderson Leite Fontes J\u00fanior \u2013 Diretor de Controle Ambiental da Cidade de Jo\u00e3o Pessoa e Coordenador da Regional Nordeste da Sociedade Brasileira de Arboriza\u00e7\u00e3o Urbana \u2013 SBAU<\/div>\n<div style=\"text-align: justify;\">\n<\/div>\n<div style=\"text-align: justify;\">\n10h \u00e0s 10h15 &#8211; COFFEE BREAK<\/div>\n<div style=\"text-align: justify;\">\n<\/div>\n<div style=\"text-align: justify;\">\n10h15 \u00e0s 12h &#8211; 1\u00ba PAINEL<\/div>\n<div style=\"text-align: justify;\">\n<\/div>\n<div style=\"text-align: justify;\">\nBIOMAS E ECOSSISTEMAS: LEGISLA\u00c7\u00c3OERECURSO DA BIODIVERSIDADE PARA APLICA\u00c7\u00c3O NO PAISAGISMO E ARBORIZA\u00c7\u00c3O URBANA<\/div>\n<div style=\"text-align: justify;\">\n<\/div>\n<div style=\"text-align: justify;\">\nCOORDENADORA:Advogada Maria Denise Santana Coelho \u2013 Ger\u00eancia Jur\u00eddica da Secretaria de Educa\u00e7\u00e3o \u2013 Gov. do Estado de Pernambuco.<\/div>\n<div style=\"text-align: justify;\">\n<\/div>\n<div style=\"text-align: justify;\">\nPALESTRA 1 \u2013 Biomas e Ecossistemas \u2013 Fontes de Esp\u00e9cies Arb\u00f3reas para Recomposi\u00e7\u00e3o da Paisagem Urbana<\/div>\n<div style=\"text-align: justify;\">\n<\/div>\n<div style=\"text-align: justify;\">\nProf\u00ba. Dr. Luiz Carlos Marangon &#8211; Eng\u00baFlorestal da Universidade Federal Rural de Pernambuco \u2013 UFRPE<\/div>\n<div style=\"text-align: justify;\">\n<\/div>\n<div style=\"text-align: justify;\">\nPALESTRA 2 -Aspectos Jur\u00eddicos e a Import\u00e2ncia na Arboriza\u00e7\u00e3o Urbana<\/div>\n<div style=\"text-align: justify;\">\n<\/div>\n<div style=\"text-align: justify;\">\nDra.Gilka Maria Almeida Vasconcelos de Miranda &#8211; Promotora de Justi\u00e7a \u2013 Minist\u00e9rio P\u00fablico de Pernambuco<\/div>\n<div style=\"text-align: justify;\">\n<\/div>\n<div style=\"text-align: justify;\">\n12h \u00e0s 14h \u2013 ALMO\u00c7O<\/div>\n<div style=\"text-align: justify;\">\n<\/div>\n<div style=\"text-align: justify;\">\n14h \u00e0s 16h \u2013 Mesa Redonda<\/div>\n<div style=\"text-align: justify;\">\n<\/div>\n<div style=\"text-align: justify;\">\nIMPACTOS E MANEJO EM \u00c1RVORES URBANAS<\/div>\n<div style=\"text-align: justify;\">\n<\/div>\n<div style=\"text-align: justify;\">\nCOORDENADOR:Eng\u00ba Agr\u00f4nomo Anderson Fontes \u2013 Diretor de Controle Ambiental da Cidade de Jo\u00e3o Pessoa e Coordenador da Regional Nordeste da Sociedade Brasileira de Arboriza\u00e7\u00e3o Urbana \u2013 SBAU<\/div>\n<div style=\"text-align: justify;\">\n<\/div>\n<div style=\"text-align: justify;\">\nO Papel dos Jardins Bot\u00e2nicos Brasileiros para a Arboriza\u00e7\u00e3o Urbana<\/div>\n<div style=\"text-align: justify;\">\n<\/div>\n<div style=\"text-align: justify;\">\nArquiteta Zenaide Nunes Magalh\u00e3es \u2013 Vice-Presidente da Rede Brasileira de Jardins Bot\u00e2nicos \u2013 RBJB<\/div>\n<div style=\"text-align: justify;\">\n<\/div>\n<div style=\"text-align: justify;\">\nManejo de Arvores Urbanas: Inser\u00e7\u00e3o nas Boas Pr\u00e1ticas com Seguran\u00e7a<\/div>\n<div style=\"text-align: justify;\">\n<\/div>\n<div style=\"text-align: justify;\">\nEng\u00ba Florestal Sidney Sebasti\u00e3o Brasil \u2013 Presidente do Comit\u00ea Brasileiro de Escalada em \u00c1rvores<\/div>\n<div style=\"text-align: justify;\">\n<\/div>\n<div style=\"text-align: justify;\">\nArboriza\u00e7\u00e3o Urbana Brasileira: O Ranking da Arboricultura nas Capitais Brasileiras<\/div>\n<div style=\"text-align: justify;\">\n<\/div>\n<div style=\"text-align: justify;\">\nEng\u00ba Agr\u00f4nomo Heitor Rodrigues Liberato Junior \u2013 Presidente da Sociedade Brasileira de Arboriza\u00e7\u00e3o Urbana \u2013 SBAU<\/div>\n<div style=\"text-align: justify;\">\n<\/div>\n<div style=\"text-align: justify;\">\n16h \u00e0s 16h15 &#8211; COFFEE BREAK<\/div>\n<div style=\"text-align: justify;\">\n<\/div>\n<div style=\"text-align: justify;\">\n16h15 \u00e0s 18h \u2013 Mesa Redonda<\/div>\n<div style=\"text-align: justify;\">\n<\/div>\n<div style=\"text-align: justify;\">\nPAISAGISMO, ARBORIZA\u00c7\u00c3O E FLORESTAS URBANAS<\/div>\n<div style=\"text-align: justify;\">\n<\/div>\n<div style=\"text-align: justify;\">\nCOORDENADOR:Eng\u00b0. Agr\u00f4nomo Alexandre Paes Krause\u2013 Prefeitura do Recife\/ EMLUB \/ Diretor do CREA \u2013 PE<\/div>\n<div style=\"text-align: justify;\">\n<\/div>\n<div style=\"text-align: justify;\">\nPaisagismo: Inser\u00e7\u00e3o da Arboriza\u00e7\u00e3o na Paisagem Urbana<\/div>\n<div style=\"text-align: justify;\">\n<\/div>\n<div style=\"text-align: justify;\">\nProf\u00ba. Alexandre de Morais Ferreira &#8211; Universidade do Amazonas \u2013 UFRA \/ CREA-PA \u2013 Bel\u00e9m \u2013 PA<\/div>\n<div style=\"text-align: justify;\">\n<\/div>\n<div style=\"text-align: justify;\">\nCidades Sustent\u00e1veis e o Papel da Arboriza\u00e7\u00e3o Para Uma Melhor Qualidade de Vida<\/div>\n<div style=\"text-align: justify;\">\n<\/div>\n<div style=\"text-align: justify;\">\nAndr\u00e9 Moreira Fraga \u2013 Secret\u00e1rio da Cidade Sustent\u00e1vel e Inova\u00e7\u00e3o de Salvador &#8211; BA e Coordenador Nacional CB27<\/div>\n<div style=\"text-align: justify;\">\n<\/div>\n<div style=\"text-align: justify;\">\n<b>QUARTA-FEIRA &#8211; 07\/11<\/b><\/div>\n<div style=\"text-align: justify;\">\n<\/div>\n<div style=\"text-align: justify;\">\n08h \u00e0s 10h \u2013 1\u00b0 PAINEL<\/div>\n<div style=\"text-align: justify;\">\n<\/div>\n<div style=\"text-align: justify;\">\nARBORICULTURA URBANA: EXPERI\u00caNCIAS E MODELOS EXITOSOS<\/div>\n<div style=\"text-align: justify;\">\n<\/div>\n<div style=\"text-align: justify;\">\nCOORDENADOR:\u2013 Eng\u00b0. Agr\u00f4nomo Evandro Lu\u00eds Cunha Santiago &#8211; Gerente de Implanta\u00e7\u00e3o e Manuten\u00e7\u00e3o de \u00c1reas Verdes, Parques Ambientais, Poda e Erradica\u00e7\u00e3o &#8211; SEURB &#8211; Caruaru \u2013 PE<\/div>\n<div style=\"text-align: justify;\">\n<\/div>\n<div style=\"text-align: justify;\">\nDestaque das A\u00e7\u00f5es Voltadas ao Paisagismo e Arboriza\u00e7\u00e3o de Caruaru &#8211; PE<\/div>\n<div style=\"text-align: justify;\">\n<\/div>\n<div style=\"text-align: justify;\">\nEng\u00ba Civil Rodrigo Miranda Tabosa de Assis \u2013 Secret\u00e1rio de Urbanismo e Obras da Cidade de Caruaru \u2013 PE<\/div>\n<div style=\"text-align: justify;\">\n<\/div>\n<div style=\"text-align: justify;\">\nDestaque das A\u00e7\u00f5es Voltadas ao Paisagismo e Arboriza\u00e7\u00e3o de Jo\u00e3o Pessoa &#8211; PB<\/div>\n<div style=\"text-align: justify;\">\n<\/div>\n<div style=\"text-align: justify;\">\nPaisagista S\u00e9rgio Chaves\u2013 Diretor de Paisagismo da Cidade de Jo\u00e3o Pessoa \u2013 PB<\/div>\n<div style=\"text-align: justify;\">\n<\/div>\n<div style=\"text-align: justify;\">\nDestaque das A\u00e7\u00f5es Voltadas ao Paisagismo e Arboriza\u00e7\u00e3o de Fortaleza &#8211; CE<\/div>\n<div style=\"text-align: justify;\">\n<\/div>\n<div style=\"text-align: justify;\">\nEdilene Oliveira \u2013 Coordenadora de Pol\u00edticas Ambientais da Cidade de Fortaleza \u2013 CE<\/div>\n<div style=\"text-align: justify;\">\n<\/div>\n<div style=\"text-align: justify;\">\nPrograma Alagoinhas 3+: Meio Ambiente Sa\u00fade e Educa\u00e7\u00e3o<\/div>\n<div style=\"text-align: justify;\">\n<\/div>\n<div style=\"text-align: justify;\">\nJos\u00e9 Ed\u00e9sio Cardoso Silva &#8211; Secret\u00e1rio de Desenvolvimento Econ\u00f4mico e Meio Ambiente (SEDEA) &#8211; Alagoinhas &#8211; BA<\/div>\n<div style=\"text-align: justify;\">\n<\/div>\n<div style=\"text-align: justify;\">\n10h \u00e0s 10h15 &#8211; COFFEE BREAK<\/div>\n<div style=\"text-align: justify;\">\n<\/div>\n<div style=\"text-align: justify;\">\n10h15 \u00e0s 11h45 \u2013 Mesa Redonda<\/div>\n<div style=\"text-align: justify;\">\n<\/div>\n<div style=\"text-align: justify;\">\nBIOMA CAATINGA: POTENCIAL DE ESP\u00c9CIES ARB\u00d3REAS PARA ARBORIZA\u00c7\u00c3O URBANA<\/div>\n<div style=\"text-align: justify;\">\n<\/div>\n<div style=\"text-align: justify;\">\nCOORDENADOR:Prof\u00ba. MSc. Jos\u00e9 Ricardo Martins da Silva \u2013 Eng\u00ba Agr\u00f4nomo da Prefeitura do Recife\/EMLURB (PAISAGISMO)<\/div>\n<div style=\"text-align: justify;\">\n<\/div>\n<div style=\"text-align: justify;\">\nPaisagismo da Caatinga: Que Cen\u00e1rio se Encontram as Cidades Nordestinas<\/div>\n<div style=\"text-align: justify;\">\n<\/div>\n<div style=\"text-align: justify;\">\nMSc. Daniel Duarte Pereira \u2013 Eng\u00ba Agr\u00f4nomo Pesquisador do INSA Instituto Nacional do Semi\u00e1rido \/ Mestre em Desenvolvimento e Meio Ambiente UFPB\/CCA<\/div>\n<div style=\"text-align: justify;\">\n<\/div>\n<div style=\"text-align: justify;\">\n<\/div>\n<div style=\"text-align: justify;\">\n<\/div>\n<div style=\"text-align: justify;\">\nCaatinga &#8211; Potencial para Uso de Novas Esp\u00e9cies na Arboriza\u00e7\u00e3o<\/div>\n<div style=\"text-align: justify;\">\n<\/div>\n<div style=\"text-align: justify;\">\nEng\u00aa. Agr\u00f4noma Rita de C\u00e1ssia Ara\u00fajo Pereira \u2013 Curadora do Herb\u00e1rio do Instituto Agron\u00f4mico de Pernambuco \u2013 IPA &#8211; Recife- PE.<\/div>\n<div style=\"text-align: justify;\">\n<\/div>\n<div style=\"text-align: justify;\">\n11h45 \u00e0s 12h30 \u2013 PALESTRA HONOR\u00cdFICA<\/div>\n<div style=\"text-align: justify;\">\n<\/div>\n<div style=\"text-align: justify;\">\nLA CIUDAD VIVA: UMA PEDAGOGIA NECESS\u00c1RIAProf\u00ba. Alfredo HoracioBenassi \u2013 Prof\u00ba Dr. Universidade Nacional de La Plata, Faculdade de Ci\u00eancias Agr\u00e1rias e Florestais \u2013 Argentina.<\/div>\n<div style=\"text-align: justify;\">\n<\/div>\n<div style=\"text-align: justify;\">\n12h30 \u00e0s 13h \u2013 A CARTA DE CARUARU<\/div>\n<div style=\"text-align: justify;\">\n<\/div>\n<div style=\"text-align: justify;\">\n\u2022 SOLENIDADE DE ENCERRAMENTO E COQUETEL<\/div>\n<div style=\"text-align: justify;\">\n<\/div>\n<div style=\"text-align: justify;\">\n<\/div>\n","protected":false},"excerpt":{"rendered":"<p>A Prefeitura de Caruaru, em parceria com a Sociedade Brasileira de Arboriza\u00e7\u00e3o (SBAU), a Universidade Federal de Pernambuco (UFPE) e&hellip;<\/p>\n","protected":false},"author":1,"featured_media":0,"comment_status":"open","ping_status":"open","sticky":false,"template":"","format":"standard","meta":{"footnotes":""},"categories":[1],"tags":[2,6,773],"class_list":["post-829","post","type-post","status-publish","format-standard","hentry","category-sem-categoria","tag-blog-do-edvaldo-magalhaes","tag-noticias","tag-prefeitura-de-caruaru-realiza-pela-primeira-vez-maior-encontro-nordestino-de-arborizacao-urbana"],"_links":{"self":[{"href":"https:\/\/blogdoedvaldomagalhaes.com.br\/index.php\/wp-json\/wp\/v2\/posts\/829","targetHints":{"allow":["GET"]}}],"collection":[{"href":"https:\/\/blogdoedvaldomagalhaes.com.br\/index.php\/wp-json\/wp\/v2\/posts"}],"about":[{"href":"https:\/\/blogdoedvaldomagalhaes.com.br\/index.php\/wp-json\/wp\/v2\/types\/post"}],"author":[{"embeddable":true,"href":"https:\/\/blogdoedvaldomagalhaes.com.br\/index.php\/wp-json\/wp\/v2\/users\/1"}],"replies":[{"embeddable":true,"href":"https:\/\/blogdoedvaldomagalhaes.com.br\/index.php\/wp-json\/wp\/v2\/comments?post=829"}],"version-history":[{"count":1,"href":"https:\/\/blogdoedvaldomagalhaes.com.br\/index.php\/wp-json\/wp\/v2\/posts\/829\/revisions"}],"predecessor-version":[{"id":35464,"href":"https:\/\/blogdoedvaldomagalhaes.com.br\/index.php\/wp-json\/wp\/v2\/posts\/829\/revisions\/35464"}],"wp:attachment":[{"href":"https:\/\/blogdoedvaldomagalhaes.com.br\/index.php\/wp-json\/wp\/v2\/media?parent=829"}],"wp:term":[{"taxonomy":"category","embeddable":true,"href":"https:\/\/blogdoedvaldomagalhaes.com.br\/index.php\/wp-json\/wp\/v2\/categories?post=829"},{"taxonomy":"post_tag","embeddable":true,"href":"https:\/\/blogdoedvaldomagalhaes.com.br\/index.php\/wp-json\/wp\/v2\/tags?post=829"}],"curies":[{"name":"wp","href":"https:\/\/api.w.org\/{rel}","templated":true}]}}