{"id":828,"date":"2018-11-01T18:42:00","date_gmt":"2018-11-01T20:42:00","guid":{"rendered":"http:\/\/blogdoedvaldomagalhaes.com.br\/index.php\/2018\/11\/01\/confira-o-que-abre-e-o-que-fecha-e\/"},"modified":"2019-02-09T02:37:57","modified_gmt":"2019-02-09T04:37:57","slug":"confira-o-que-abre-e-o-que-fecha-e","status":"publish","type":"post","link":"https:\/\/blogdoedvaldomagalhaes.com.br\/index.php\/2018\/11\/01\/confira-o-que-abre-e-o-que-fecha-e\/","title":{"rendered":"Confira o que abre e o que fecha em Caruaru no Dia de Finados"},"content":{"rendered":"<div class=\"separator\" style=\"clear: both; text-align: center;\">\n<a href=\"https:\/\/1.bp.blogspot.com\/-nqnLxh4qUnc\/W9tI7UhqXmI\/AAAAAAAA8zI\/eSVWZXLtgyIGcQY7djHj77e71wRAYluGgCLcBGAs\/s1600\/agora.jpg\" imageanchor=\"1\" style=\"margin-left: 1em; margin-right: 1em;\"><img loading=\"lazy\" decoding=\"async\" border=\"0\" data-original-height=\"372\" data-original-width=\"620\" height=\"384\" src=\"http:\/\/blogdoedvaldomagalhaes.com.br\/wp-content\/uploads\/2018\/11\/agora.jpg\" width=\"640\" \/><\/a><\/div>\n<div style=\"text-align: justify;\">\n<\/div>\n<div style=\"text-align: justify;\">\nEm virtude do feriado do dia de finados, no dia 2 de novembro, a Prefeitura de Caruaru informa que n\u00e3o haver\u00e1 expediente interno, retornando \u00e0s atividades na segunda-feira (05).<\/div>\n<div style=\"text-align: justify;\">\n<\/div>\n<div style=\"text-align: justify;\">\n<b>Sa\u00fade<\/b>: UPAS ficam abertas 24h normalmente.&nbsp;Hospitais e Samu funcionam normalmente.<\/div>\n<div style=\"text-align: justify;\">\n<\/div>\n<div style=\"text-align: justify;\">\n<b>Servi\u00e7os P\u00fablicos:<\/b> A feira do bairro S\u00e3o Francisco vai ser realizada normalmente nesta sexta-feira (02).<\/div>\n<div style=\"text-align: justify;\">\n<\/div>\n<div style=\"text-align: justify;\">\nA coleta domiciliar ser\u00e1 normal na cidade.<\/div>\n<div style=\"text-align: justify;\">\n<\/div>\n<div style=\"text-align: justify;\">\n<b>Lazer:<\/b> O espa\u00e7o de lazer vai funcionar das 6h \u00e0s 18h, na sexta (02) e no domingo (04).<\/div>\n<div style=\"text-align: justify;\">\n<\/div>\n<div style=\"text-align: justify;\">\nOs parques ambientais estar\u00e3o abertos de acordo com seus hor\u00e1rios habituais, fechando na segunda-feira (05) para manuten\u00e7\u00e3o.<\/div>\n<div style=\"text-align: justify;\">\n<\/div>\n<div style=\"text-align: justify;\">\n<b>Secretaria de Desenvolvimento Social e Direitos Humanos: <\/b>Servi\u00e7os de urg\u00eancia (como aux\u00edlio-funer\u00e1rio) funcionar\u00e3o normalmente.<\/div>\n<div style=\"text-align: justify;\">\n<\/div>\n<div style=\"text-align: justify;\">\n<b>Cultura:<\/b> Os museus da cidade estar\u00e3o fechados na sexta (02), retornando \u00e0s atividades no s\u00e1bado (03), das 9h \u00e0s 13h.<\/div>\n<div style=\"text-align: justify;\">\n<b><br \/><\/b><\/div>\n<div style=\"text-align: justify;\">\n<b>Educa\u00e7\u00e3o:<\/b> As escolas e creches da rede municipal de ensino voltar\u00e3o a funcionar na pr\u00f3xima segunda-feira (05).<\/p>\n<p><b>Bancos:&nbsp;<\/b>As ag\u00eancias banc\u00e1rias estar\u00e3o fechadas, e s\u00f3 reabrem para atendimentos normais na segunda-feira (5).<\/p>\n<p><b>Correios:<\/b>&nbsp;N\u00e3o haver\u00e1 expediente nos Correios.<\/p>\n<p><b>\u00c1reas de Lazer:&nbsp;<\/b>De acordo com a Prefeitura, a ciclofaixa ir\u00e1 funcionar das 6h \u00e0s 18h. Os parques ambientais estar\u00e3o abertos seguindo os hor\u00e1rios normais.<\/p>\n<p><b>Com\u00e9rcio:&nbsp;<\/b>O com\u00e9rcio do centro ser\u00e1 fechado.<\/p>\n<p><b>Shoppings:&nbsp;<\/b>No Caruaru Shopping, as lojas abrir\u00e3o das 10h \u00e0s 20h. A pra\u00e7a de alimenta\u00e7\u00e3o funcionar\u00e1 das 11h \u00e0s 21h. O cinema estar\u00e1 aberto de acordo com hor\u00e1rios das sess\u00f5es. No Shopping Difusora, as lojas e quiosques v\u00e3o funcionar das 11h \u00e0s 20h. As pra\u00e7as de alimenta\u00e7\u00e3o funcionar\u00e3o das 11h \u00e0s 21h. O cinema tamb\u00e9m funcionar\u00e1 de acordo com os hor\u00e1rios das sess\u00f5es.<\/p>\n<p><b>F\u00e1brica da Moda: <\/b>Estar\u00e1 estar\u00e1 fechada nesta sexta-feira, mas volatar\u00e1 a funcionar normalmente no s\u00e1bado(3).&nbsp;<\/p>\n<p><b>Polo Caruaru: S<\/b>er\u00e1 aberto das 9h \u00e0s 18h.<\/p>\n<p><b>Sa\u00fade: O<\/b>s servi\u00e7os de car\u00e1ter as urg\u00eancias, emerg\u00eancias e UPAs funcionar\u00e3o normalmente. Os ambulat\u00f3rios e PSFs estar\u00e3o fechados.<\/p>\n<p><b>Escolas e Creches: <\/b>Estar\u00e3o fechadas.<\/p>\n<p><b>Detran:&nbsp;<\/b>As ag\u00eancias do Departamento Estadual de Tr\u00e2nsito (Detran-PE) estar\u00e3o fechadas.<\/p>\n<p><b>Cemit\u00e9rios:&nbsp;<\/b>Dom Bosco funcionar\u00e1 das 6h \u00e0s 18h. Haver\u00e1 celebra\u00e7\u00f5es de missas \u00e0s 6h, \u00e0s 9h e \u00e0s 15h30.&nbsp;O S\u00e3o Roque funcionar\u00e1 das 6h \u00e0s 18h, com celebra\u00e7\u00f5es de missas \u00e0s 7h30 e 16h30.<\/p>\n<\/div>\n","protected":false},"excerpt":{"rendered":"<p>Em virtude do feriado do dia de finados, no dia 2 de novembro, a Prefeitura de Caruaru informa que n\u00e3o&hellip;<\/p>\n","protected":false},"author":1,"featured_media":0,"comment_status":"open","ping_status":"open","sticky":false,"template":"","format":"standard","meta":{"footnotes":""},"categories":[1],"tags":[2,772,6],"class_list":["post-828","post","type-post","status-publish","format-standard","hentry","category-sem-categoria","tag-blog-do-edvaldo-magalhaes","tag-confira-o-que-abre-e-o-que-fecha-em-caruaru-no-dia-de-finados","tag-noticias"],"_links":{"self":[{"href":"https:\/\/blogdoedvaldomagalhaes.com.br\/index.php\/wp-json\/wp\/v2\/posts\/828","targetHints":{"allow":["GET"]}}],"collection":[{"href":"https:\/\/blogdoedvaldomagalhaes.com.br\/index.php\/wp-json\/wp\/v2\/posts"}],"about":[{"href":"https:\/\/blogdoedvaldomagalhaes.com.br\/index.php\/wp-json\/wp\/v2\/types\/post"}],"author":[{"embeddable":true,"href":"https:\/\/blogdoedvaldomagalhaes.com.br\/index.php\/wp-json\/wp\/v2\/users\/1"}],"replies":[{"embeddable":true,"href":"https:\/\/blogdoedvaldomagalhaes.com.br\/index.php\/wp-json\/wp\/v2\/comments?post=828"}],"version-history":[{"count":1,"href":"https:\/\/blogdoedvaldomagalhaes.com.br\/index.php\/wp-json\/wp\/v2\/posts\/828\/revisions"}],"predecessor-version":[{"id":35466,"href":"https:\/\/blogdoedvaldomagalhaes.com.br\/index.php\/wp-json\/wp\/v2\/posts\/828\/revisions\/35466"}],"wp:attachment":[{"href":"https:\/\/blogdoedvaldomagalhaes.com.br\/index.php\/wp-json\/wp\/v2\/media?parent=828"}],"wp:term":[{"taxonomy":"category","embeddable":true,"href":"https:\/\/blogdoedvaldomagalhaes.com.br\/index.php\/wp-json\/wp\/v2\/categories?post=828"},{"taxonomy":"post_tag","embeddable":true,"href":"https:\/\/blogdoedvaldomagalhaes.com.br\/index.php\/wp-json\/wp\/v2\/tags?post=828"}],"curies":[{"name":"wp","href":"https:\/\/api.w.org\/{rel}","templated":true}]}}