{"id":8276,"date":"2016-09-16T22:28:00","date_gmt":"2016-09-17T01:28:00","guid":{"rendered":"http:\/\/blogdoedvaldomagalhaes.com.br\/index.php\/2016\/09\/16\/destra-intensifica-fiscalizacao-de\/"},"modified":"2019-02-09T00:59:24","modified_gmt":"2019-02-09T02:59:24","slug":"destra-intensifica-fiscalizacao-de","status":"publish","type":"post","link":"https:\/\/blogdoedvaldomagalhaes.com.br\/index.php\/2016\/09\/16\/destra-intensifica-fiscalizacao-de\/","title":{"rendered":"Destra intensifica fiscaliza\u00e7\u00e3o de tr\u00e2nsito em Caruaru"},"content":{"rendered":"<div id=\"resize\" style=\"list-style: none; margin-top: 40px; text-align: justify;\">\n<div class=\"separator\" style=\"clear: both; text-align: center;\">\n<a href=\"https:\/\/1.bp.blogspot.com\/-jzbnS03rQAg\/V9xxHflQQ1I\/AAAAAAAAGes\/6k6JUPVZwgwe8oGoEmqudb9BEFp5ck10ACLcB\/s1600\/destra.jpg\" imageanchor=\"1\" style=\"margin-left: 1em; margin-right: 1em;\"><img loading=\"lazy\" decoding=\"async\" border=\"0\" height=\"246\" src=\"http:\/\/blogdoedvaldomagalhaes.com.br\/wp-content\/uploads\/2016\/09\/destra.jpg\" width=\"400\" \/><\/a><\/div>\n<div style=\"list-style: none;\">\n<\/div>\n<div style=\"list-style: none;\">\nA Autarquia Municipal de Defesa Social, Tr\u00e2nsito e Transportes (Destra) intensificou esta semana a fiscaliza\u00e7\u00e3o. As equipes foram direcionadas a diversas ruas da cidade, no intuito de coibir poss\u00edveis infra\u00e7\u00f5es e orientar condutores e passageiros sobre o respeito no tr\u00e2nsito.<\/div>\n<div style=\"list-style: none;\">\n&nbsp;<\/div>\n<div style=\"list-style: none;\">\nNesta sexta-feira (16), a equipe de fiscaliza\u00e7\u00e3o notificou ve\u00edculos nas ruas Rodrigues de Abreu, Gon\u00e7alves Dias, Major Sival e no Centro, por estacionamento em local proibido. Um autom\u00f3vel tamb\u00e9m foi notificado por estacionar na faixa destinada a pedestres, na rua Valfrido Nunes, no bairro Maur\u00edcio de Nassau.<\/div>\n<div style=\"list-style: none;\">\n&nbsp;<\/div>\n<div style=\"list-style: none;\">\nSegundo o gerente de fiscaliza\u00e7\u00e3o, \u00c9der Lopes, nas vias onde \u00e9 identificado o maior n\u00famero de ocorr\u00eancias, as atividades s\u00e3o intensificadas para reduzir os casos e fazer com que o tr\u00e2nsito seja cada dia mais seguro.&nbsp;<\/div>\n<div style=\"color: #333333; font-family: &quot;Open Sans&quot;, sans-serif; font-size: 15px;\">\n<\/div>\n<\/div>\n","protected":false},"excerpt":{"rendered":"<p>A Autarquia Municipal de Defesa Social, Tr\u00e2nsito e Transportes (Destra) intensificou esta semana a fiscaliza\u00e7\u00e3o. As equipes foram direcionadas a&hellip;<\/p>\n","protected":false},"author":1,"featured_media":0,"comment_status":"open","ping_status":"open","sticky":false,"template":"","format":"standard","meta":{"footnotes":""},"categories":[1],"tags":[12229,2,12230,6,12231,2896],"class_list":["post-8276","post","type-post","status-publish","format-standard","hentry","category-sem-categoria","tag-autarquia-municipal-de-defesa-social","tag-blog-do-edvaldo-magalhaes","tag-destra-intensifica-fiscalizacao-de-transito-em-caruaru","tag-noticias","tag-transito-e-transportes","tag-ultimas-informacoes"],"_links":{"self":[{"href":"https:\/\/blogdoedvaldomagalhaes.com.br\/index.php\/wp-json\/wp\/v2\/posts\/8276","targetHints":{"allow":["GET"]}}],"collection":[{"href":"https:\/\/blogdoedvaldomagalhaes.com.br\/index.php\/wp-json\/wp\/v2\/posts"}],"about":[{"href":"https:\/\/blogdoedvaldomagalhaes.com.br\/index.php\/wp-json\/wp\/v2\/types\/post"}],"author":[{"embeddable":true,"href":"https:\/\/blogdoedvaldomagalhaes.com.br\/index.php\/wp-json\/wp\/v2\/users\/1"}],"replies":[{"embeddable":true,"href":"https:\/\/blogdoedvaldomagalhaes.com.br\/index.php\/wp-json\/wp\/v2\/comments?post=8276"}],"version-history":[{"count":1,"href":"https:\/\/blogdoedvaldomagalhaes.com.br\/index.php\/wp-json\/wp\/v2\/posts\/8276\/revisions"}],"predecessor-version":[{"id":12462,"href":"https:\/\/blogdoedvaldomagalhaes.com.br\/index.php\/wp-json\/wp\/v2\/posts\/8276\/revisions\/12462"}],"wp:attachment":[{"href":"https:\/\/blogdoedvaldomagalhaes.com.br\/index.php\/wp-json\/wp\/v2\/media?parent=8276"}],"wp:term":[{"taxonomy":"category","embeddable":true,"href":"https:\/\/blogdoedvaldomagalhaes.com.br\/index.php\/wp-json\/wp\/v2\/categories?post=8276"},{"taxonomy":"post_tag","embeddable":true,"href":"https:\/\/blogdoedvaldomagalhaes.com.br\/index.php\/wp-json\/wp\/v2\/tags?post=8276"}],"curies":[{"name":"wp","href":"https:\/\/api.w.org\/{rel}","templated":true}]}}