{"id":8274,"date":"2016-09-17T02:25:00","date_gmt":"2016-09-17T05:25:00","guid":{"rendered":"http:\/\/blogdoedvaldomagalhaes.com.br\/index.php\/2016\/09\/17\/pesquisa-para-prefeito-de-toritama_16\/"},"modified":"2019-02-09T00:59:25","modified_gmt":"2019-02-09T02:59:25","slug":"pesquisa-para-prefeito-de-toritama_16","status":"publish","type":"post","link":"https:\/\/blogdoedvaldomagalhaes.com.br\/index.php\/2016\/09\/17\/pesquisa-para-prefeito-de-toritama_16\/","title":{"rendered":"Pesquisa para Prefeito de Toritama tem disputa acirrada, mas Edilson aparece na frente"},"content":{"rendered":"<div class=\"separator\" style=\"clear: both; text-align: center;\">\n<a href=\"https:\/\/3.bp.blogspot.com\/-KeuXm7ljNEI\/V9ypfcZEskI\/AAAAAAAAGfY\/pmRN8-iBa8QZxgugrNxt98vIY2ptB23WQCLcB\/s1600\/pedsquisa.jpeg\" imageanchor=\"1\" style=\"margin-left: 1em; margin-right: 1em;\"><img loading=\"lazy\" decoding=\"async\" border=\"0\" height=\"233\" src=\"http:\/\/blogdoedvaldomagalhaes.com.br\/wp-content\/uploads\/2016\/09\/pedsquisa.jpeg\" width=\"400\" \/><\/a><\/div>\n<div style=\"box-sizing: border-box; line-height: 21.4286px; margin-bottom: 10px; text-align: justify;\">\nFaltando 15 dias para as elei\u00e7\u00f5es municipais, o cen\u00e1rio pol\u00edtico em Toritama \u00e9 de empate t\u00e9cnico. Segundo pesquisa realizada pelo Instituto Opini\u00e3o, o candidato Edilson Tavares (PMDB) est\u00e1 dois pontos percentuais \u00e0 frente de Odon Ferreira da Cunha (PSB), apresentando respectivamente 30% e 28% das inten\u00e7\u00f5es de voto aferidas segundo o crit\u00e9rio de resposta estimulada (no qual os nomes dos candidatos s\u00e3o apresentados aos entrevistados). Para complicar ainda mais a situa\u00e7\u00e3o, a candidata Lucinha Pereira (PSDB), apesar de aparecer em terceiro lugar, tamb\u00e9m est\u00e1 bem colocada no p\u00e1reo: cravou 26% das inten\u00e7\u00f5es, mostrando que, no munic\u00edpio, os votos de cada um dos 12% de indecisos e dos 4% dos que declararam votar branco ou nulo ser\u00e3o decisivos.<\/div>\n<div style=\"box-sizing: border-box; line-height: 21.4286px; margin-bottom: 10px; text-align: justify;\">\nAinda de acordo com o levantamento estimulado, Edilson se mostrou o favorito entre os eleitores jovens (at\u00e9 24 anos), com 37,2% das inten\u00e7\u00f5es de voto. J\u00e1 Lucinha foi a campe\u00e3 dos idosos, alcan\u00e7ando 40% dentro da faixa et\u00e1ria superior aos 60 anos. N\u00e3o houve diferen\u00e7a significativa de opini\u00e3o entre os homens e mulheres ouvidos.<\/div>\n<div style=\"box-sizing: border-box; line-height: 21.4286px; margin-bottom: 10px; text-align: justify;\">\nOdon Ferreira \u00e9 o atual prefeito de Toritama e tenta a reelei\u00e7\u00e3o, mas a disputa no munic\u00edpio est\u00e1 t\u00e3o acirrada que a mesma pesquisa mostrou vantagem de seu nome sobre Edilson, com 0,5 ponto de diferen\u00e7a. Esse resultado foi obtido quando os entrevistadores seguiram o modelo espont\u00e2neo de levantamento de dados, no qual as perguntas s\u00e3o feitas sem a apresenta\u00e7\u00e3o pr\u00e9via dos nomes dos candidatos. Seguindo este crit\u00e9rio, Odon foi o mais lembrado e estaria com 26,3% dos votos. Edilson alcan\u00e7ou 25,8% e Lucinha, 23%, sendo 20,9% os indecisos e 4% os brancos e nulos.<\/div>\n<div style=\"box-sizing: border-box; line-height: 21.4286px; margin-bottom: 10px; text-align: justify;\">\nJ\u00e1 quando o assunto \u00e9 rejei\u00e7\u00e3o \u00e0s candidaturas, Edilson leva vantagem. Entre os eleitores ouvidos, 38% declararam que n\u00e3o votariam de jeito nenhum em Odon. Lucinha vem em segundo lugar neste ranking negativo, com 33,3% de recusa a seu nome. J\u00e1 Edilson conta com apenas 11,5%. Segundo os dados coletados, 14,4% dos eleitores n\u00e3o rejeitam nenhum dos tr\u00eas nomes, e 2,8% n\u00e3o votariam em qualquer um deles.<\/div>\n<div style=\"box-sizing: border-box; line-height: 21.4286px; margin-bottom: 10px; text-align: justify;\">\nO levantamento tamb\u00e9m mediu a forma como os cidad\u00e3os de Toritama avaliam a administra\u00e7\u00e3o de Odon Ferreira. 50,5% dos entrevistados desaprovam a atual gest\u00e3o, enquanto 40,8% aprovam e 8,7% n\u00e3o quiseram ou n\u00e3o souberam responder. O \u00edndice de aprova\u00e7\u00e3o \u00e9 mais alto entre os entrevistados que possuem n\u00edvel de instru\u00e7\u00e3o superior, alcan\u00e7ando 60%. Ao mesmo tempo, 65,7 % dos que possuem renda familiar superior a dois sal\u00e1rios m\u00ednimos disseram desaprovar a administra\u00e7\u00e3o de Odon.<\/div>\n<div style=\"box-sizing: border-box; line-height: 21.4286px; margin-bottom: 10px; text-align: justify;\">\nEm rela\u00e7\u00e3o ao governador Paulo C\u00e2mara, que \u00e9 do mesmo partido do prefeito, a maioria dos toritamenses tamb\u00e9m n\u00e3o se mostrou satisfeita: 47,3% est\u00e3o descontentes com a administra\u00e7\u00e3o estadual, 31% aprovam a gest\u00e3o e 21% n\u00e3o opinaram.<\/div>\n<div style=\"box-sizing: border-box; line-height: 21.4286px; margin-bottom: 10px; text-align: justify;\">\nA pesquisa foi realizada entre os dias 31 de agosto e 1\u00ba de setembro, utilizando uma amostra probabil\u00edstica casual simples por meio da t\u00e9cnica de Survey, que afere dados atrav\u00e9s de question\u00e1rios estruturados e padronizados. Foram ouvidos 400 eleitores com mais de 16 anos nas localidades de Ant\u00e3o, Areial, Arlindo, Buraco Quente, Campo Alegre, Cana\u00e3, Centro, COHAB, Deus \u00e9 Fiel\/El Shaday, Duque de Caxias, Independente, Iz\u00eddio Tavares, Mangas, Novo Coqueiral, Planalto, Pr\u00edncipe da Paz, Santa Maria, S\u00e3o Jo\u00e3o, Serra do Posta e Valentin. Segundo o Instituto Opini\u00e3o, o intervalo de confian\u00e7a estimado da pesquisa \u00e9 de 95,0% e a margem de erro m\u00e1xima \u00e9 de 4,9 pontos percentuais para mais ou para menos. O registro do levantamento no Tribunal Regional Eleitoral \u00e9 o de n\u00famero&nbsp;PE\u00ad09443\/2016.<\/div>\n<div style=\"box-sizing: border-box; line-height: 21.4286px; margin-bottom: 10px; text-align: justify;\">\nDo Blog do Magno Martins&nbsp;<\/div>\n","protected":false},"excerpt":{"rendered":"<p>Faltando 15 dias para as elei\u00e7\u00f5es municipais, o cen\u00e1rio pol\u00edtico em Toritama \u00e9 de empate t\u00e9cnico. Segundo pesquisa realizada pelo&hellip;<\/p>\n","protected":false},"author":1,"featured_media":0,"comment_status":"open","ping_status":"open","sticky":false,"template":"","format":"standard","meta":{"footnotes":""},"categories":[1],"tags":[2,11431,3121,12224,12225,4966,381],"class_list":["post-8274","post","type-post","status-publish","format-standard","hentry","category-sem-categoria","tag-blog-do-edvaldo-magalhaes","tag-eleicoes-2016","tag-noticias-da-politica","tag-odon-fereira-da-cunha","tag-pesquisa-para-prefeito-de-toritama-edilson-aparece-na-frente","tag-pmdb","tag-psb"],"_links":{"self":[{"href":"https:\/\/blogdoedvaldomagalhaes.com.br\/index.php\/wp-json\/wp\/v2\/posts\/8274","targetHints":{"allow":["GET"]}}],"collection":[{"href":"https:\/\/blogdoedvaldomagalhaes.com.br\/index.php\/wp-json\/wp\/v2\/posts"}],"about":[{"href":"https:\/\/blogdoedvaldomagalhaes.com.br\/index.php\/wp-json\/wp\/v2\/types\/post"}],"author":[{"embeddable":true,"href":"https:\/\/blogdoedvaldomagalhaes.com.br\/index.php\/wp-json\/wp\/v2\/users\/1"}],"replies":[{"embeddable":true,"href":"https:\/\/blogdoedvaldomagalhaes.com.br\/index.php\/wp-json\/wp\/v2\/comments?post=8274"}],"version-history":[{"count":1,"href":"https:\/\/blogdoedvaldomagalhaes.com.br\/index.php\/wp-json\/wp\/v2\/posts\/8274\/revisions"}],"predecessor-version":[{"id":12466,"href":"https:\/\/blogdoedvaldomagalhaes.com.br\/index.php\/wp-json\/wp\/v2\/posts\/8274\/revisions\/12466"}],"wp:attachment":[{"href":"https:\/\/blogdoedvaldomagalhaes.com.br\/index.php\/wp-json\/wp\/v2\/media?parent=8274"}],"wp:term":[{"taxonomy":"category","embeddable":true,"href":"https:\/\/blogdoedvaldomagalhaes.com.br\/index.php\/wp-json\/wp\/v2\/categories?post=8274"},{"taxonomy":"post_tag","embeddable":true,"href":"https:\/\/blogdoedvaldomagalhaes.com.br\/index.php\/wp-json\/wp\/v2\/tags?post=8274"}],"curies":[{"name":"wp","href":"https:\/\/api.w.org\/{rel}","templated":true}]}}