{"id":8273,"date":"2016-09-17T03:01:00","date_gmt":"2016-09-17T06:01:00","guid":{"rendered":"http:\/\/blogdoedvaldomagalhaes.com.br\/index.php\/2016\/09\/17\/central-busca-classificacao-contra-o\/"},"modified":"2019-02-09T00:59:25","modified_gmt":"2019-02-09T02:59:25","slug":"central-busca-classificacao-contra-o","status":"publish","type":"post","link":"https:\/\/blogdoedvaldomagalhaes.com.br\/index.php\/2016\/09\/17\/central-busca-classificacao-contra-o\/","title":{"rendered":"Central busca classifica\u00e7\u00e3o contra o N\u00e1utico neste s\u00e1bado"},"content":{"rendered":"<div class=\"separator\" style=\"clear: both; text-align: center;\">\n<a href=\"https:\/\/2.bp.blogspot.com\/-gPLxTeX9ND8\/V9wQXwljKkI\/AAAAAAAAGd8\/YfADtSiaBJw51xMnXtUoaJiCbeC_lAetgCLcB\/s1600\/centrao%2Bx%2Bnauitico.jpg\" imageanchor=\"1\" style=\"margin-left: 1em; margin-right: 1em;\"><img loading=\"lazy\" decoding=\"async\" border=\"0\" height=\"183\" src=\"http:\/\/blogdoedvaldomagalhaes.com.br\/wp-content\/uploads\/2016\/09\/centraoxnauitico.jpg\" width=\"320\" \/><\/a><\/div>\n<div class=\"separator\" style=\"clear: both; text-align: center;\">\n<\/div>\n<div style=\"background: rgb(255, 255, 255); border: 0px; line-height: 19.5px; margin-bottom: 15px; outline: 0px; padding: 0px; text-align: justify; vertical-align: top;\">\nO Central enfrenta o N\u00e1utico, \u00c1s 15h deste s\u00e1bado (17), nos Aflitos, em Recife, buscando classifica\u00e7\u00e3o para a fase final do Campeonato Pernambucano sub-20, para isso, a Patativa precisa vencer o Timbu.<\/div>\n<div style=\"background: rgb(255, 255, 255); border: 0px; line-height: 19.5px; margin-bottom: 15px; outline: 0px; padding: 0px; text-align: justify; vertical-align: top;\">\nAtualmente, o Alvinegro est\u00e1 na terceira coloca\u00e7\u00e3o do grupo com sete pontos, o Santa Cruz est\u00e1 classificado com dez pontos e o N\u00e1utico tem nove.<\/div>\n<div style=\"background: rgb(255, 255, 255); border: 0px; line-height: 19.5px; margin-bottom: 15px; outline: 0px; padding: 0px; text-align: justify; vertical-align: top;\">\nO N\u00e1utico joga pelo empate para se classificar, j\u00e1 o Central precisa da vit\u00f3ria.&nbsp;Na primeira partida no Lacerd\u00e3o, houve empate por 1 a 1.<\/div>\n<div style=\"background: rgb(255, 255, 255); border: 0px; line-height: 19.5px; margin-bottom: 15px; outline: 0px; padding: 0px; text-align: justify; vertical-align: top;\">\n<div style=\"text-align: justify;\">\nO time do Central est\u00e1 completo para o jogo e deve entrar em campo hoje com: Denis, Japa, Paulinho, Fernando e Daniel, Bruno e Luiz Mateus, Artur e Jefinho, Passira e Luiz Carlos.<\/div>\n<div style=\"text-align: justify;\">\n<\/div>\n<p><\/p>\n<div style=\"border: 0px; margin-bottom: 1.5em; outline: 0px; padding: 0px; text-align: justify; vertical-align: baseline;\">\nNo outro duelo da chave E, a Cobra Coral recebe o j\u00e1 eliminado Pesqueira, no Est\u00e1dio Ademir Cunha. Pela \u00faltima rodada do grupo F, o Porto visita o Sport, enquanto o Salgueiro encara o Am\u00e9rica, no Est\u00e1dio Corn\u00e9lio de Barros. Tanto o tricolor da Rua Preta quanto o Le\u00e3o j\u00e1 est\u00e3o classificados para a pr\u00f3xima etapa. Todos os jogos ser\u00e3o realizados neste s\u00e1bado \u00e0s 15h.<\/div>\n<\/div>\n","protected":false},"excerpt":{"rendered":"<p>O Central enfrenta o N\u00e1utico, \u00c1s 15h deste s\u00e1bado (17), nos Aflitos, em Recife, buscando classifica\u00e7\u00e3o para a fase final&hellip;<\/p>\n","protected":false},"author":1,"featured_media":0,"comment_status":"open","ping_status":"open","sticky":false,"template":"","format":"standard","meta":{"footnotes":""},"categories":[1],"tags":[12222,2,12223,3,2955,5863,525],"class_list":["post-8273","post","type-post","status-publish","format-standard","hentry","category-sem-categoria","tag-aflitos","tag-blog-do-edvaldo-magalhaes","tag-central-busca-classificacao-contra-o-nautico-neste-sabado","tag-futebol","tag-lacerdao","tag-noticias-esportivas","tag-santa-cruz"],"_links":{"self":[{"href":"https:\/\/blogdoedvaldomagalhaes.com.br\/index.php\/wp-json\/wp\/v2\/posts\/8273","targetHints":{"allow":["GET"]}}],"collection":[{"href":"https:\/\/blogdoedvaldomagalhaes.com.br\/index.php\/wp-json\/wp\/v2\/posts"}],"about":[{"href":"https:\/\/blogdoedvaldomagalhaes.com.br\/index.php\/wp-json\/wp\/v2\/types\/post"}],"author":[{"embeddable":true,"href":"https:\/\/blogdoedvaldomagalhaes.com.br\/index.php\/wp-json\/wp\/v2\/users\/1"}],"replies":[{"embeddable":true,"href":"https:\/\/blogdoedvaldomagalhaes.com.br\/index.php\/wp-json\/wp\/v2\/comments?post=8273"}],"version-history":[{"count":1,"href":"https:\/\/blogdoedvaldomagalhaes.com.br\/index.php\/wp-json\/wp\/v2\/posts\/8273\/revisions"}],"predecessor-version":[{"id":12468,"href":"https:\/\/blogdoedvaldomagalhaes.com.br\/index.php\/wp-json\/wp\/v2\/posts\/8273\/revisions\/12468"}],"wp:attachment":[{"href":"https:\/\/blogdoedvaldomagalhaes.com.br\/index.php\/wp-json\/wp\/v2\/media?parent=8273"}],"wp:term":[{"taxonomy":"category","embeddable":true,"href":"https:\/\/blogdoedvaldomagalhaes.com.br\/index.php\/wp-json\/wp\/v2\/categories?post=8273"},{"taxonomy":"post_tag","embeddable":true,"href":"https:\/\/blogdoedvaldomagalhaes.com.br\/index.php\/wp-json\/wp\/v2\/tags?post=8273"}],"curies":[{"name":"wp","href":"https:\/\/api.w.org\/{rel}","templated":true}]}}