{"id":82700,"date":"2022-05-02T16:08:45","date_gmt":"2022-05-02T19:08:45","guid":{"rendered":"https:\/\/blogdoedvaldomagalhaes.com.br\/?p=82700"},"modified":"2022-05-02T16:08:47","modified_gmt":"2022-05-02T19:08:47","slug":"der-conclui-as-obras-do-viaduto-da-serra-das-russas-na-br-232","status":"publish","type":"post","link":"https:\/\/blogdoedvaldomagalhaes.com.br\/index.php\/2022\/05\/02\/der-conclui-as-obras-do-viaduto-da-serra-das-russas-na-br-232\/","title":{"rendered":"DER conclui as obras do viaduto da Serra das Russas, na BR 232"},"content":{"rendered":"<p style=\"text-align: justify;\"><span style=\"font-size: inherit;\">O Governo do Estado, por meio do Departamento de Estradas de Rodagem (DER), concluiu obras de recupera\u00e7\u00e3o estrutural do Viaduto da Serra das Russas, nas imedia\u00e7\u00f5es do Km 65,5 da BR-232, em Gravat\u00e1. O trabalho, que contou com investimento de quase R$ 5 milh\u00f5es, foi finalizado antes do prazo previsto de oito meses. A libera\u00e7\u00e3o do tr\u00e1fego foi realizada nesta segunda-feira (02).<\/span><\/p>\n<p style=\"text-align: justify;\">A iniciativa contemplou os servi\u00e7os de substitui\u00e7\u00e3o das juntas de dilata\u00e7\u00e3o e implanta\u00e7\u00e3o de gradil de prote\u00e7\u00e3o e foi executada em seis meses. O equipamento possui 450 metros de extens\u00e3o e 50 metros de largura. O trabalho faz parte do pacote de a\u00e7\u00f5es do Programa Caminhos de Pernambuco, que \u00e9 coordenado pela Secretaria de Infraestrutura e Recursos H\u00eddricos.<\/p>\n<p style=\"text-align: justify;\">\u201c\u00c9 motivo de muita alegria entregarmos, hoje, mais uma obra do Caminhos de Pernambuco para a popula\u00e7\u00e3o. Com dois meses antes do previsto, conclu\u00edmos a recupera\u00e7\u00e3o estrutural do viaduto da Serra das Russas, que vai proporcionar mais seguran\u00e7a e conforto para quem transita pela localidade. \u00c9 mais um compromisso assumido pelo Governo do Estado no sentido de fortalecer os investimentos e as a\u00e7\u00f5es voltadas para a reestrutura\u00e7\u00e3o da malha vi\u00e1ria, destacou o presidente do DER, Maur\u00edcio Canuto.<\/p>\n","protected":false},"excerpt":{"rendered":"<p>O Governo do Estado, por meio do Departamento de Estradas de Rodagem (DER), concluiu obras de recupera\u00e7\u00e3o estrutural do Viaduto&hellip;<\/p>\n","protected":false},"author":1,"featured_media":82701,"comment_status":"open","ping_status":"open","sticky":false,"template":"","format":"standard","meta":{"footnotes":""},"categories":[14120],"tags":[2,19532,3406,24543],"class_list":["post-82700","post","type-post","status-publish","format-standard","has-post-thumbnail","hentry","category-noticias","tag-blog-do-edvaldo-magalhaes","tag-blog-mais-acessado-e-visualizado-de-caruaru-e-regiao","tag-caruaru","tag-der-conclui-as-obras-do-viaduto-da-serra-das-russas-na-br-232"],"_links":{"self":[{"href":"https:\/\/blogdoedvaldomagalhaes.com.br\/index.php\/wp-json\/wp\/v2\/posts\/82700","targetHints":{"allow":["GET"]}}],"collection":[{"href":"https:\/\/blogdoedvaldomagalhaes.com.br\/index.php\/wp-json\/wp\/v2\/posts"}],"about":[{"href":"https:\/\/blogdoedvaldomagalhaes.com.br\/index.php\/wp-json\/wp\/v2\/types\/post"}],"author":[{"embeddable":true,"href":"https:\/\/blogdoedvaldomagalhaes.com.br\/index.php\/wp-json\/wp\/v2\/users\/1"}],"replies":[{"embeddable":true,"href":"https:\/\/blogdoedvaldomagalhaes.com.br\/index.php\/wp-json\/wp\/v2\/comments?post=82700"}],"version-history":[{"count":1,"href":"https:\/\/blogdoedvaldomagalhaes.com.br\/index.php\/wp-json\/wp\/v2\/posts\/82700\/revisions"}],"predecessor-version":[{"id":82702,"href":"https:\/\/blogdoedvaldomagalhaes.com.br\/index.php\/wp-json\/wp\/v2\/posts\/82700\/revisions\/82702"}],"wp:featuredmedia":[{"embeddable":true,"href":"https:\/\/blogdoedvaldomagalhaes.com.br\/index.php\/wp-json\/wp\/v2\/media\/82701"}],"wp:attachment":[{"href":"https:\/\/blogdoedvaldomagalhaes.com.br\/index.php\/wp-json\/wp\/v2\/media?parent=82700"}],"wp:term":[{"taxonomy":"category","embeddable":true,"href":"https:\/\/blogdoedvaldomagalhaes.com.br\/index.php\/wp-json\/wp\/v2\/categories?post=82700"},{"taxonomy":"post_tag","embeddable":true,"href":"https:\/\/blogdoedvaldomagalhaes.com.br\/index.php\/wp-json\/wp\/v2\/tags?post=82700"}],"curies":[{"name":"wp","href":"https:\/\/api.w.org\/{rel}","templated":true}]}}