{"id":8270,"date":"2016-09-17T12:30:00","date_gmt":"2016-09-17T15:30:00","guid":{"rendered":"http:\/\/blogdoedvaldomagalhaes.com.br\/index.php\/2016\/09\/17\/corpo-do-ator-global-domingos-montagner\/"},"modified":"2019-02-09T00:59:26","modified_gmt":"2019-02-09T02:59:26","slug":"corpo-do-ator-global-domingos-montagner","status":"publish","type":"post","link":"https:\/\/blogdoedvaldomagalhaes.com.br\/index.php\/2016\/09\/17\/corpo-do-ator-global-domingos-montagner\/","title":{"rendered":"Corpo do ator global Domingos Montagner est\u00e1 sendo velado"},"content":{"rendered":"<div class=\"separator\" style=\"clear: both; text-align: center;\">\n<a href=\"https:\/\/1.bp.blogspot.com\/-qMn7I7dXRXE\/V902TdXw6uI\/AAAAAAAAGgE\/WJnw3gJrkksHyjD7OaWB8NjTlfrx0a-fgCLcB\/s1600\/velorio.jpg\" imageanchor=\"1\" style=\"margin-left: 1em; margin-right: 1em;\"><img loading=\"lazy\" decoding=\"async\" border=\"0\" height=\"300\" src=\"http:\/\/blogdoedvaldomagalhaes.com.br\/wp-content\/uploads\/2016\/09\/velorio.jpg\" width=\"400\" \/><\/a><\/div>\n<div style=\"background: white; line-height: 17.4pt; margin-bottom: .0001pt; margin: 0cm; text-align: justify;\">\n<\/div>\n<div style=\"text-align: center;\">\nFoto: Gabriela Gon\u00e7alves\/G1<\/div>\n<div style=\"text-align: center;\">\n<\/div>\n<p>O corpo do ator Domingos Montagner est\u00e1 sendo velado neste s\u00e1bado (17) em um<br \/>\nteatro na Zona Leste de S\u00e3o Paulo. Familiares e<br \/>\namigos est\u00e3o no local. O ator morreu afogado na<br \/>\n\u00faltima quinta-feira (15) em Canind\u00e9 de S\u00e3o Francisco (SE).<\/p>\n<div style=\"background: white; line-height: 17.4pt; margin-bottom: .0001pt; margin: 0cm; text-align: justify;\">\n<\/div>\n<div class=\"separator\" style=\"clear: both; text-align: center;\">\n<\/div>\n<div style=\"background: white; line-height: 17.4pt; margin: 0cm 0cm 0.0001pt; outline: 0px; text-align: justify;\">\nO corpo do ator chegou ao teatro por volta<br \/>\ndas 7h. Na sexta-feira (16), o traslado&nbsp;foi<br \/>\nfeito de Aracaj\u00fa para Jundia\u00ed-SP. O evento \u00e9 fechado ao p\u00fablico e aberto apenas<br \/>\npara convidados, assim como o enterro, marcado para o final da manh\u00e3.<\/div>\n","protected":false},"excerpt":{"rendered":"<p>Foto: Gabriela Gon\u00e7alves\/G1 O corpo do ator Domingos Montagner est\u00e1 sendo velado neste s\u00e1bado (17) em um teatro na Zona&hellip;<\/p>\n","protected":false},"author":1,"featured_media":0,"comment_status":"open","ping_status":"open","sticky":false,"template":"","format":"standard","meta":{"footnotes":""},"categories":[1],"tags":[2545,2,6121,12218,12219,6,2862],"class_list":["post-8270","post","type-post","status-publish","format-standard","hentry","category-sem-categoria","tag-aracaju","tag-blog-do-edvaldo-magalhaes","tag-canide-de-sao-francisco","tag-corpo-do-ator-global-domingos-montagner-esta-sendo-velado","tag-jundiai","tag-noticias","tag-ultimas-noticias"],"_links":{"self":[{"href":"https:\/\/blogdoedvaldomagalhaes.com.br\/index.php\/wp-json\/wp\/v2\/posts\/8270","targetHints":{"allow":["GET"]}}],"collection":[{"href":"https:\/\/blogdoedvaldomagalhaes.com.br\/index.php\/wp-json\/wp\/v2\/posts"}],"about":[{"href":"https:\/\/blogdoedvaldomagalhaes.com.br\/index.php\/wp-json\/wp\/v2\/types\/post"}],"author":[{"embeddable":true,"href":"https:\/\/blogdoedvaldomagalhaes.com.br\/index.php\/wp-json\/wp\/v2\/users\/1"}],"replies":[{"embeddable":true,"href":"https:\/\/blogdoedvaldomagalhaes.com.br\/index.php\/wp-json\/wp\/v2\/comments?post=8270"}],"version-history":[{"count":1,"href":"https:\/\/blogdoedvaldomagalhaes.com.br\/index.php\/wp-json\/wp\/v2\/posts\/8270\/revisions"}],"predecessor-version":[{"id":12474,"href":"https:\/\/blogdoedvaldomagalhaes.com.br\/index.php\/wp-json\/wp\/v2\/posts\/8270\/revisions\/12474"}],"wp:attachment":[{"href":"https:\/\/blogdoedvaldomagalhaes.com.br\/index.php\/wp-json\/wp\/v2\/media?parent=8270"}],"wp:term":[{"taxonomy":"category","embeddable":true,"href":"https:\/\/blogdoedvaldomagalhaes.com.br\/index.php\/wp-json\/wp\/v2\/categories?post=8270"},{"taxonomy":"post_tag","embeddable":true,"href":"https:\/\/blogdoedvaldomagalhaes.com.br\/index.php\/wp-json\/wp\/v2\/tags?post=8270"}],"curies":[{"name":"wp","href":"https:\/\/api.w.org\/{rel}","templated":true}]}}