{"id":82695,"date":"2022-05-02T07:47:30","date_gmt":"2022-05-02T10:47:30","guid":{"rendered":"https:\/\/blogdoedvaldomagalhaes.com.br\/?p=82695"},"modified":"2022-05-02T07:47:31","modified_gmt":"2022-05-02T10:47:31","slug":"tony-gel-pede-implantacao-do-projeto-boa-visao-nas-escolas-de-toritama","status":"publish","type":"post","link":"https:\/\/blogdoedvaldomagalhaes.com.br\/index.php\/2022\/05\/02\/tony-gel-pede-implantacao-do-projeto-boa-visao-nas-escolas-de-toritama\/","title":{"rendered":"Tony Gel pede implanta\u00e7\u00e3o do Projeto Boa Vis\u00e3o nas escolas de Toritama"},"content":{"rendered":"<p style=\"text-align: justify;\"><span style=\"font-size: inherit;\">O Deputado Estadual Tony Gel (PSB), solicitou ao Secret\u00e1rio de Sa\u00fade<\/span><span style=\"font-size: inherit;\">o\u00a0 do Estado, Andr\u00e9 Longo, ao Secret\u00e1rio de Educa\u00e7\u00e3o Marcelo Barros, e ao<\/span><\/p>\n<p style=\"text-align: justify;\">Presidente do (LAFEPE), Pl\u00ednio Pimentel, aten\u00e7\u00e3o especial no sentido de unirem esfor\u00e7os com o<br \/>objetivo de implantar o Projeto Boa Vis\u00e3o nas escolas da rede estadual de ensino nos Munic\u00edpio de Toritama, no Agreste de<br \/>Pernambuco.<\/p>\n<p style=\"text-align: justify;\">O parlamentar justificou que o pedido tem por finalidade buscar junto \u00e0s autoridades citadas a implanta\u00e7\u00e3o do Projeto Boa Vis\u00e3o nas escolas da rede estadual de Toritama, em virtude da sua import\u00e2ncia para a sa\u00fade ocular de<br \/>estudantes, professores e demais servidores da rede, ressaltando que a referida iniciativa consiste na identifica\u00e7\u00e3o e tratamento de problemas oculares que atingem essas pessoas. E que os profissionais que atuam nas escolas passam por uma capacita\u00e7\u00e3o a qual possibilita a realiza\u00e7\u00e3o de triagem ocular dos alunos dentro do ambiente escolar.<\/p>\n<p style=\"text-align: justify;\">Tony Gel lembrou que o Projeto Boa Vis\u00e3o, que est\u00e1 completando 10 anos, e \u00e9 coordenado pelas Secretarias Estaduais de Sa\u00fade e de Educa\u00e7\u00e3o, com a parceria do Laborat\u00f3rio Farmac\u00eautico de Pernambuco (Lafepe), j\u00e1 ofertou mais de 110 mil exames oftalmol\u00f3gicos e mais de 65 mil \u00f3culos corretivos. E que com o atendimento \u00e0 presente solicita\u00e7\u00e3o, estar\u00e1 o Poder Executivo Estadual, cumprindo um importante papel de contribuir com a redu\u00e7\u00e3o das taxas de evas\u00e3o e repet\u00eancia escolar, assim como conscientizando a comunidade escolar sobre a import\u00e2ncia de cuidar da sa\u00fade ocular.<\/p>\n\n\n<figure class=\"wp-block-image size-large\"><img loading=\"lazy\" decoding=\"async\" width=\"1024\" height=\"682\" src=\"https:\/\/blogdoedvaldomagalhaes.com.br\/wp-content\/uploads\/2022\/05\/IMG-20220502-WA0040-1024x682.jpg\" alt=\"\" class=\"wp-image-82697\" srcset=\"https:\/\/blogdoedvaldomagalhaes.com.br\/wp-content\/uploads\/2022\/05\/IMG-20220502-WA0040-1024x682.jpg 1024w, https:\/\/blogdoedvaldomagalhaes.com.br\/wp-content\/uploads\/2022\/05\/IMG-20220502-WA0040-300x200.jpg 300w, https:\/\/blogdoedvaldomagalhaes.com.br\/wp-content\/uploads\/2022\/05\/IMG-20220502-WA0040-768x512.jpg 768w, https:\/\/blogdoedvaldomagalhaes.com.br\/wp-content\/uploads\/2022\/05\/IMG-20220502-WA0040-1536x1023.jpg 1536w, https:\/\/blogdoedvaldomagalhaes.com.br\/wp-content\/uploads\/2022\/05\/IMG-20220502-WA0040.jpg 1600w\" sizes=\"auto, (max-width: 1024px) 100vw, 1024px\" \/><figcaption>Fotos: Divulga\u00e7\u00e3o<\/figcaption><\/figure>\n\n\n\n<p><\/p>\n","protected":false},"excerpt":{"rendered":"<p>O Deputado Estadual Tony Gel (PSB), solicitou ao Secret\u00e1rio de Sa\u00fadeo\u00a0 do Estado, Andr\u00e9 Longo, ao Secret\u00e1rio de Educa\u00e7\u00e3o Marcelo&hellip;<\/p>\n","protected":false},"author":1,"featured_media":82696,"comment_status":"open","ping_status":"open","sticky":false,"template":"","format":"standard","meta":{"footnotes":""},"categories":[14122],"tags":[2,19532,3406,20,24542],"class_list":["post-82695","post","type-post","status-publish","format-standard","has-post-thumbnail","hentry","category-politica","tag-blog-do-edvaldo-magalhaes","tag-blog-mais-acessado-e-visualizado-de-caruaru-e-regiao","tag-caruaru","tag-politica","tag-tony-gel-pede-implantacao-do-projeto-boa-visao-nas-escolas-de-toritama"],"_links":{"self":[{"href":"https:\/\/blogdoedvaldomagalhaes.com.br\/index.php\/wp-json\/wp\/v2\/posts\/82695","targetHints":{"allow":["GET"]}}],"collection":[{"href":"https:\/\/blogdoedvaldomagalhaes.com.br\/index.php\/wp-json\/wp\/v2\/posts"}],"about":[{"href":"https:\/\/blogdoedvaldomagalhaes.com.br\/index.php\/wp-json\/wp\/v2\/types\/post"}],"author":[{"embeddable":true,"href":"https:\/\/blogdoedvaldomagalhaes.com.br\/index.php\/wp-json\/wp\/v2\/users\/1"}],"replies":[{"embeddable":true,"href":"https:\/\/blogdoedvaldomagalhaes.com.br\/index.php\/wp-json\/wp\/v2\/comments?post=82695"}],"version-history":[{"count":1,"href":"https:\/\/blogdoedvaldomagalhaes.com.br\/index.php\/wp-json\/wp\/v2\/posts\/82695\/revisions"}],"predecessor-version":[{"id":82698,"href":"https:\/\/blogdoedvaldomagalhaes.com.br\/index.php\/wp-json\/wp\/v2\/posts\/82695\/revisions\/82698"}],"wp:featuredmedia":[{"embeddable":true,"href":"https:\/\/blogdoedvaldomagalhaes.com.br\/index.php\/wp-json\/wp\/v2\/media\/82696"}],"wp:attachment":[{"href":"https:\/\/blogdoedvaldomagalhaes.com.br\/index.php\/wp-json\/wp\/v2\/media?parent=82695"}],"wp:term":[{"taxonomy":"category","embeddable":true,"href":"https:\/\/blogdoedvaldomagalhaes.com.br\/index.php\/wp-json\/wp\/v2\/categories?post=82695"},{"taxonomy":"post_tag","embeddable":true,"href":"https:\/\/blogdoedvaldomagalhaes.com.br\/index.php\/wp-json\/wp\/v2\/tags?post=82695"}],"curies":[{"name":"wp","href":"https:\/\/api.w.org\/{rel}","templated":true}]}}