{"id":82688,"date":"2022-05-01T20:48:18","date_gmt":"2022-05-01T23:48:18","guid":{"rendered":"https:\/\/blogdoedvaldomagalhaes.com.br\/?p=82688"},"modified":"2022-05-01T20:56:10","modified_gmt":"2022-05-01T23:56:10","slug":"apac-emite-alerta-de-chuvas-em-quatro-regioes-de-pernambuco","status":"publish","type":"post","link":"https:\/\/blogdoedvaldomagalhaes.com.br\/index.php\/2022\/05\/01\/apac-emite-alerta-de-chuvas-em-quatro-regioes-de-pernambuco\/","title":{"rendered":"Apac emite alerta de chuvas em quatro regi\u00f5es de Pernambuco"},"content":{"rendered":"<p style=\"text-align: justify;\">Neste domingo (01), a Ag\u00eancia Pernambucana de \u00c1guas e Clima emitiu um alerta de chuvas com intensidade moderada e ocasionalmente fortes na Regi\u00e3o Metropolitana do Recife, Zona da Mata, Agreste Meridional e Fernando de Noronha.<\/p>\n<p style=\"text-align: justify;\">A APAC informa que, em casos de estabelecimentos em \u00e1reas de riscos e danos causados pela chuva, a popula\u00e7\u00e3o deve seguir as orienta\u00e7\u00f5es da Defesa Civil. Para mais informa\u00e7\u00f5es, ligue para 0800-081-3400.<\/p>\n<p style=\"text-align: justify;\">Foto: Arquivo<\/p>\n\n\n<figure class=\"wp-block-image size-large\"><img loading=\"lazy\" decoding=\"async\" width=\"720\" height=\"720\" src=\"https:\/\/blogdoedvaldomagalhaes.com.br\/wp-content\/uploads\/2022\/05\/IMG-20220501-WA0180.jpg\" alt=\"\" class=\"wp-image-82690\" srcset=\"https:\/\/blogdoedvaldomagalhaes.com.br\/wp-content\/uploads\/2022\/05\/IMG-20220501-WA0180.jpg 720w, https:\/\/blogdoedvaldomagalhaes.com.br\/wp-content\/uploads\/2022\/05\/IMG-20220501-WA0180-300x300.jpg 300w, https:\/\/blogdoedvaldomagalhaes.com.br\/wp-content\/uploads\/2022\/05\/IMG-20220501-WA0180-150x150.jpg 150w\" sizes=\"auto, (max-width: 720px) 100vw, 720px\" \/><\/figure>\n","protected":false},"excerpt":{"rendered":"<p>Neste domingo (01), a Ag\u00eancia Pernambucana de \u00c1guas e Clima emitiu um alerta de chuvas com intensidade moderada e ocasionalmente&hellip;<\/p>\n","protected":false},"author":1,"featured_media":54296,"comment_status":"open","ping_status":"open","sticky":false,"template":"","format":"standard","meta":{"footnotes":""},"categories":[14120],"tags":[24541,2,19532,3406],"class_list":["post-82688","post","type-post","status-publish","format-standard","has-post-thumbnail","hentry","category-noticias","tag-apac-emite-alerta-de-chuvas-em-quatro-regioes-de-pernambuco","tag-blog-do-edvaldo-magalhaes","tag-blog-mais-acessado-e-visualizado-de-caruaru-e-regiao","tag-caruaru"],"_links":{"self":[{"href":"https:\/\/blogdoedvaldomagalhaes.com.br\/index.php\/wp-json\/wp\/v2\/posts\/82688","targetHints":{"allow":["GET"]}}],"collection":[{"href":"https:\/\/blogdoedvaldomagalhaes.com.br\/index.php\/wp-json\/wp\/v2\/posts"}],"about":[{"href":"https:\/\/blogdoedvaldomagalhaes.com.br\/index.php\/wp-json\/wp\/v2\/types\/post"}],"author":[{"embeddable":true,"href":"https:\/\/blogdoedvaldomagalhaes.com.br\/index.php\/wp-json\/wp\/v2\/users\/1"}],"replies":[{"embeddable":true,"href":"https:\/\/blogdoedvaldomagalhaes.com.br\/index.php\/wp-json\/wp\/v2\/comments?post=82688"}],"version-history":[{"count":4,"href":"https:\/\/blogdoedvaldomagalhaes.com.br\/index.php\/wp-json\/wp\/v2\/posts\/82688\/revisions"}],"predecessor-version":[{"id":82694,"href":"https:\/\/blogdoedvaldomagalhaes.com.br\/index.php\/wp-json\/wp\/v2\/posts\/82688\/revisions\/82694"}],"wp:featuredmedia":[{"embeddable":true,"href":"https:\/\/blogdoedvaldomagalhaes.com.br\/index.php\/wp-json\/wp\/v2\/media\/54296"}],"wp:attachment":[{"href":"https:\/\/blogdoedvaldomagalhaes.com.br\/index.php\/wp-json\/wp\/v2\/media?parent=82688"}],"wp:term":[{"taxonomy":"category","embeddable":true,"href":"https:\/\/blogdoedvaldomagalhaes.com.br\/index.php\/wp-json\/wp\/v2\/categories?post=82688"},{"taxonomy":"post_tag","embeddable":true,"href":"https:\/\/blogdoedvaldomagalhaes.com.br\/index.php\/wp-json\/wp\/v2\/tags?post=82688"}],"curies":[{"name":"wp","href":"https:\/\/api.w.org\/{rel}","templated":true}]}}