{"id":82685,"date":"2022-05-01T18:32:29","date_gmt":"2022-05-01T21:32:29","guid":{"rendered":"https:\/\/blogdoedvaldomagalhaes.com.br\/?p=82685"},"modified":"2022-05-01T18:32:30","modified_gmt":"2022-05-01T21:32:30","slug":"foragido-da-justica-e-detido-por-trafico-de-drogas-no-recife","status":"publish","type":"post","link":"https:\/\/blogdoedvaldomagalhaes.com.br\/index.php\/2022\/05\/01\/foragido-da-justica-e-detido-por-trafico-de-drogas-no-recife\/","title":{"rendered":"Foragido da justi\u00e7a \u00e9 detido por tr\u00e1fico de drogas no Recife"},"content":{"rendered":"<p style=\"text-align: justify;\"><span style=\"font-size: inherit;\">No s\u00e1bado (30.04), equipes do BPRP prenderam um indiv\u00edduo na Rua Afr\u00e2nio, na comunidade da Bras\u00edlia Teimosa, por suspeita de tr\u00e1fico de drogas. Ap\u00f3s busca pessoal, foi encontrado com ele um saco contendo aproximadamente 750g de crack. <\/span><\/p>\n<p style=\"text-align: justify;\"><span style=\"font-size: inherit;\">Ap\u00f3s ser indagado da proced\u00eancia da droga e se teria mais, o mesmo indicou um local de armazenamento, numa viela pr\u00f3ximo, onde foi encontrado mais um tablete de aproximadamente 1kg de crack e um rev\u00f3lver cal. 32., com seis muni\u00e7\u00f5es intactas do mesmo calibre. Ap\u00f3s consulta, ficou constatado que o mesmo estava foragido do sistema penitenci\u00e1rio do estado do Amazonas.<\/span><\/p>\n<p style=\"text-align: justify;\"><span style=\"font-size: inherit;\"> Diante dos fatos, o efetivo seguiu com o material apreendido e o suspeito para DP de Boa Viagem para ado\u00e7\u00e3o das medidas legais cab\u00edveis.<\/span><\/p>\n","protected":false},"excerpt":{"rendered":"<p>No s\u00e1bado (30.04), equipes do BPRP prenderam um indiv\u00edduo na Rua Afr\u00e2nio, na comunidade da Bras\u00edlia Teimosa, por suspeita de&hellip;<\/p>\n","protected":false},"author":1,"featured_media":82686,"comment_status":"open","ping_status":"open","sticky":false,"template":"","format":"standard","meta":{"footnotes":""},"categories":[14121],"tags":[2,19532,3406,24540],"class_list":["post-82685","post","type-post","status-publish","format-standard","has-post-thumbnail","hentry","category-policial","tag-blog-do-edvaldo-magalhaes","tag-blog-mais-acessado-e-visualizado-de-caruaru-e-regiao","tag-caruaru","tag-foragido-da-justica-e-detido-por-trafico-de-drogas-no-recife"],"_links":{"self":[{"href":"https:\/\/blogdoedvaldomagalhaes.com.br\/index.php\/wp-json\/wp\/v2\/posts\/82685","targetHints":{"allow":["GET"]}}],"collection":[{"href":"https:\/\/blogdoedvaldomagalhaes.com.br\/index.php\/wp-json\/wp\/v2\/posts"}],"about":[{"href":"https:\/\/blogdoedvaldomagalhaes.com.br\/index.php\/wp-json\/wp\/v2\/types\/post"}],"author":[{"embeddable":true,"href":"https:\/\/blogdoedvaldomagalhaes.com.br\/index.php\/wp-json\/wp\/v2\/users\/1"}],"replies":[{"embeddable":true,"href":"https:\/\/blogdoedvaldomagalhaes.com.br\/index.php\/wp-json\/wp\/v2\/comments?post=82685"}],"version-history":[{"count":1,"href":"https:\/\/blogdoedvaldomagalhaes.com.br\/index.php\/wp-json\/wp\/v2\/posts\/82685\/revisions"}],"predecessor-version":[{"id":82687,"href":"https:\/\/blogdoedvaldomagalhaes.com.br\/index.php\/wp-json\/wp\/v2\/posts\/82685\/revisions\/82687"}],"wp:featuredmedia":[{"embeddable":true,"href":"https:\/\/blogdoedvaldomagalhaes.com.br\/index.php\/wp-json\/wp\/v2\/media\/82686"}],"wp:attachment":[{"href":"https:\/\/blogdoedvaldomagalhaes.com.br\/index.php\/wp-json\/wp\/v2\/media?parent=82685"}],"wp:term":[{"taxonomy":"category","embeddable":true,"href":"https:\/\/blogdoedvaldomagalhaes.com.br\/index.php\/wp-json\/wp\/v2\/categories?post=82685"},{"taxonomy":"post_tag","embeddable":true,"href":"https:\/\/blogdoedvaldomagalhaes.com.br\/index.php\/wp-json\/wp\/v2\/tags?post=82685"}],"curies":[{"name":"wp","href":"https:\/\/api.w.org\/{rel}","templated":true}]}}