{"id":82679,"date":"2022-05-01T08:53:16","date_gmt":"2022-05-01T11:53:16","guid":{"rendered":"https:\/\/blogdoedvaldomagalhaes.com.br\/?p=82679"},"modified":"2022-05-01T09:05:29","modified_gmt":"2022-05-01T12:05:29","slug":"jovem-e-assassinado-a-facadas-em-caruaru","status":"publish","type":"post","link":"https:\/\/blogdoedvaldomagalhaes.com.br\/index.php\/2022\/05\/01\/jovem-e-assassinado-a-facadas-em-caruaru\/","title":{"rendered":"Jovem \u00e9 assassinado a facadas em Caruaru"},"content":{"rendered":"<p style=\"text-align: justify;\">A Pol\u00edcia Civil registrou um homic\u00eddio na manh\u00e3 deste domingo (01), no bairro Petr\u00f3polis, em Caruaru. De acordo com a delegada Erica Feitosa, pessoas que estavam no local disseram que o crime ocorreu na noite desse s\u00e1bado (30), e nesta manh\u00e3 essas pessoas foram olhar e acionaram a pol\u00edcia.<\/p>\n<p style=\"text-align: justify;\">Lucas Alves da Silva, de 22 anos de idade, foi assassinado com golpes de faca nas costas. Policias encontraram a camisa e as sand\u00e1lias da v\u00edtima pelo caminho. O corpo foi encaminhado para o IML de Caruaru.<\/p>\n<p style=\"text-align: justify;\">Este foi o 1\u00b0 homic\u00eddio no m\u00eas de maio e o 23\u00b0 no ano de 2022.<\/p>\n","protected":false},"excerpt":{"rendered":"<p>A Pol\u00edcia Civil registrou um homic\u00eddio na manh\u00e3 deste domingo (01), no bairro Petr\u00f3polis, em Caruaru. De acordo com a&hellip;<\/p>\n","protected":false},"author":1,"featured_media":82682,"comment_status":"open","ping_status":"open","sticky":false,"template":"","format":"standard","meta":{"footnotes":""},"categories":[14121],"tags":[2,19532,3406,5448,24539],"class_list":["post-82679","post","type-post","status-publish","format-standard","has-post-thumbnail","hentry","category-policial","tag-blog-do-edvaldo-magalhaes","tag-blog-mais-acessado-e-visualizado-de-caruaru-e-regiao","tag-caruaru","tag-homicidio","tag-jovem-e-assassinado-a-facadas-em-caruaru"],"_links":{"self":[{"href":"https:\/\/blogdoedvaldomagalhaes.com.br\/index.php\/wp-json\/wp\/v2\/posts\/82679","targetHints":{"allow":["GET"]}}],"collection":[{"href":"https:\/\/blogdoedvaldomagalhaes.com.br\/index.php\/wp-json\/wp\/v2\/posts"}],"about":[{"href":"https:\/\/blogdoedvaldomagalhaes.com.br\/index.php\/wp-json\/wp\/v2\/types\/post"}],"author":[{"embeddable":true,"href":"https:\/\/blogdoedvaldomagalhaes.com.br\/index.php\/wp-json\/wp\/v2\/users\/1"}],"replies":[{"embeddable":true,"href":"https:\/\/blogdoedvaldomagalhaes.com.br\/index.php\/wp-json\/wp\/v2\/comments?post=82679"}],"version-history":[{"count":2,"href":"https:\/\/blogdoedvaldomagalhaes.com.br\/index.php\/wp-json\/wp\/v2\/posts\/82679\/revisions"}],"predecessor-version":[{"id":82684,"href":"https:\/\/blogdoedvaldomagalhaes.com.br\/index.php\/wp-json\/wp\/v2\/posts\/82679\/revisions\/82684"}],"wp:featuredmedia":[{"embeddable":true,"href":"https:\/\/blogdoedvaldomagalhaes.com.br\/index.php\/wp-json\/wp\/v2\/media\/82682"}],"wp:attachment":[{"href":"https:\/\/blogdoedvaldomagalhaes.com.br\/index.php\/wp-json\/wp\/v2\/media?parent=82679"}],"wp:term":[{"taxonomy":"category","embeddable":true,"href":"https:\/\/blogdoedvaldomagalhaes.com.br\/index.php\/wp-json\/wp\/v2\/categories?post=82679"},{"taxonomy":"post_tag","embeddable":true,"href":"https:\/\/blogdoedvaldomagalhaes.com.br\/index.php\/wp-json\/wp\/v2\/tags?post=82679"}],"curies":[{"name":"wp","href":"https:\/\/api.w.org\/{rel}","templated":true}]}}