{"id":82670,"date":"2022-04-30T19:30:48","date_gmt":"2022-04-30T22:30:48","guid":{"rendered":"https:\/\/blogdoedvaldomagalhaes.com.br\/?p=82670"},"modified":"2022-04-30T19:30:49","modified_gmt":"2022-04-30T22:30:49","slug":"nautico-e-bicampeao-pernambucano","status":"publish","type":"post","link":"https:\/\/blogdoedvaldomagalhaes.com.br\/index.php\/2022\/04\/30\/nautico-e-bicampeao-pernambucano\/","title":{"rendered":"N\u00e1utico \u00e9 bicampe\u00e3o Pernambucano"},"content":{"rendered":"<p style=\"text-align: justify;\">O N\u00e1utico venceu o Retr\u00f4 no tempo normal por 1\u00d70, no segundo jogo da decis\u00e3o do Campeonato Pernambucano 2022 e levou a decis\u00e3o para os p\u00eanaltis e o alvirrubro conseguiu venceu por 4\u00d72, com dois p\u00eanaltis defendidos pelo goleiro Lucas Perri.<\/p>\n<p style=\"text-align: justify;\">Com o resultado, o alvirrubro se torna bicampe\u00e3o pernambucano e atinge o 24\u00ba titulo do campeonato estadual.<\/p>\n<p style=\"text-align: justify;\">A equipe alvirrubra chegou a perder o seu principal jogador Jean Carlos que foi expulso ainda no primeiro tempo e fez com que a equipe do N\u00e1utico passasse a jogar com um jogador a menos no restante da partida. O gol alvirrubro foi marcado por Pedro Victor.<\/p>\n<p style=\"text-align: justify;\">J\u00e1 nos p\u00eanaltis, marcaram para o N\u00e1utico Herenda, Richard Franco, Ewandro e J\u00fanior Tavares, j\u00e1 Camutanga desperdi\u00e7ou chutando para fora.<\/p>\n","protected":false},"excerpt":{"rendered":"<p>O N\u00e1utico venceu o Retr\u00f4 no tempo normal por 1\u00d70, no segundo jogo da decis\u00e3o do Campeonato Pernambucano 2022 e&hellip;<\/p>\n","protected":false},"author":1,"featured_media":82671,"comment_status":"open","ping_status":"open","sticky":false,"template":"","format":"standard","meta":{"footnotes":""},"categories":[14120],"tags":[2,19532,3406,24538],"class_list":["post-82670","post","type-post","status-publish","format-standard","has-post-thumbnail","hentry","category-noticias","tag-blog-do-edvaldo-magalhaes","tag-blog-mais-acessado-e-visualizado-de-caruaru-e-regiao","tag-caruaru","tag-nautico-e-bicampeao-pernambucano"],"_links":{"self":[{"href":"https:\/\/blogdoedvaldomagalhaes.com.br\/index.php\/wp-json\/wp\/v2\/posts\/82670","targetHints":{"allow":["GET"]}}],"collection":[{"href":"https:\/\/blogdoedvaldomagalhaes.com.br\/index.php\/wp-json\/wp\/v2\/posts"}],"about":[{"href":"https:\/\/blogdoedvaldomagalhaes.com.br\/index.php\/wp-json\/wp\/v2\/types\/post"}],"author":[{"embeddable":true,"href":"https:\/\/blogdoedvaldomagalhaes.com.br\/index.php\/wp-json\/wp\/v2\/users\/1"}],"replies":[{"embeddable":true,"href":"https:\/\/blogdoedvaldomagalhaes.com.br\/index.php\/wp-json\/wp\/v2\/comments?post=82670"}],"version-history":[{"count":1,"href":"https:\/\/blogdoedvaldomagalhaes.com.br\/index.php\/wp-json\/wp\/v2\/posts\/82670\/revisions"}],"predecessor-version":[{"id":82672,"href":"https:\/\/blogdoedvaldomagalhaes.com.br\/index.php\/wp-json\/wp\/v2\/posts\/82670\/revisions\/82672"}],"wp:featuredmedia":[{"embeddable":true,"href":"https:\/\/blogdoedvaldomagalhaes.com.br\/index.php\/wp-json\/wp\/v2\/media\/82671"}],"wp:attachment":[{"href":"https:\/\/blogdoedvaldomagalhaes.com.br\/index.php\/wp-json\/wp\/v2\/media?parent=82670"}],"wp:term":[{"taxonomy":"category","embeddable":true,"href":"https:\/\/blogdoedvaldomagalhaes.com.br\/index.php\/wp-json\/wp\/v2\/categories?post=82670"},{"taxonomy":"post_tag","embeddable":true,"href":"https:\/\/blogdoedvaldomagalhaes.com.br\/index.php\/wp-json\/wp\/v2\/tags?post=82670"}],"curies":[{"name":"wp","href":"https:\/\/api.w.org\/{rel}","templated":true}]}}