{"id":82657,"date":"2022-04-30T18:27:15","date_gmt":"2022-04-30T21:27:15","guid":{"rendered":"https:\/\/blogdoedvaldomagalhaes.com.br\/?p=82657"},"modified":"2022-04-30T22:59:44","modified_gmt":"2022-05-01T01:59:44","slug":"caruaru-conquista-tres-medalhas-no-campeonato-sul-americano-de-karate-com-a-familia-santana","status":"publish","type":"post","link":"https:\/\/blogdoedvaldomagalhaes.com.br\/index.php\/2022\/04\/30\/caruaru-conquista-tres-medalhas-no-campeonato-sul-americano-de-karate-com-a-familia-santana\/","title":{"rendered":"Caruaru conquista tr\u00eas medalhas no Campeonato Sul-americano de Karat\u00ea com a fam\u00edlia Santana"},"content":{"rendered":"<p style=\"text-align: justify;\">Caruaru volta a brilhar no cen\u00e1rio internacional com a fam\u00edlia Santana. Foram 4 vagas in\u00e9ditas conquistadas para a sele\u00e7\u00e3o Brasileira com apenas 3 atletas que resultou na participa\u00e7\u00e3o do Campeonato Sul-americano de Karate em Guayaquil-Equador que foi do dia 17 at\u00e9 o dia 24.<\/p>\n<p style=\"text-align: justify;\">Os atletas deram um show e ainda por cima ajudaram o Brasil a se tornar Tetra-Campe\u00e3o geral do evento.<\/p>\n<p style=\"text-align: justify;\">Assim ficou a classifica\u00e7\u00e3o dos atletas Caruaruenses;<\/p>\n<p style=\"text-align: justify;\">Ana Magalh\u00e3es &#8211; Prata na categoria Sub 21 &#8211; 50kg<\/p>\n<p style=\"text-align: justify;\">Camilla Silva &#8211; Bronze na Categoria Sub 21 &#8211; 61kg<\/p>\n<p style=\"text-align: justify;\">Gustavo Lib\u00f3rio &#8211; Bronze na categoria Sub 14 Kata<\/p>\n<p style=\"text-align: justify;\">Outra conquista in\u00e9dita foi a convoca\u00e7\u00e3o do T\u00e9cnico ex atleta da Sele\u00e7\u00e3o Brasileira Anderson Santana. Anderson foi o primeiro t\u00e9cnico de Pernambuco a ser convocado para integrar a comiss\u00e3o da sele\u00e7\u00e3o Brasileira e na sua estreia fez parte do t\u00edtulo de Campe\u00e3o geral do evento.<\/p>\n<p style=\"text-align: justify;\">\u201cFoi uma experi\u00eancia in\u00e9dita para minha carreira, onde aprendi muito com toda a comiss\u00e3o e confedera\u00e7\u00e3o Brasileira que me recebeu de forma brilhante. Agrade\u00e7o a confian\u00e7a dada pelo coordenador Ulises M\u00e1ximos e de toda presid\u00eancia da CBK. Aproveito para Parabenizar tamb\u00e9m, todos os atletas do Brasil que lutaram com muita garra e amor para colocar o Brasil no lugar mais alto do p\u00f3dio. E sem esquecer do meu estado de origem, na qual a Federa\u00e7\u00e3o Pernambucana das Associa\u00e7\u00f5es de Karate, em nome do presidente Ivomar e a Diretora t\u00e9cnica Ha\u00edssa que confiam no meu trabalho. Ainda estendo meus agradecimentos aos meus pais Terezinha Santana e Santana por todo o aprendizado que sem eles eu n\u00e3o estaria nessa nobre arte marcial\u201d<\/p>\n<p style=\"text-align: justify;\">Os atletas estiveram apoio da prefeitura Municipal de Caruaru, academia F3 Fitness, Chega chappe, Nutri\u00e7\u00e3o desportista Melqui.<\/p>\n<p style=\"text-align: justify;\">O t\u00e9cnico Anderson teve suas despesas custeadas pela confedera\u00e7\u00e3o Brasileira que ainda custeou dos atletas de toda a delega\u00e7\u00e3o brasileira as inscri\u00e7\u00f5es, hospedagens e translado dentro do pa\u00eds.<\/p>\n<p style=\"text-align: justify;\">Pr\u00f3xima meta da equipe \u00e9 o Pan-Americano adulto no m\u00eas de mais em Cura\u00e7ao e o Pan-Americano de base que ser\u00e1 realizado no M\u00e9xico em Agosto.<\/p>\n\n\n<figure class=\"wp-block-image size-large\"><img loading=\"lazy\" decoding=\"async\" width=\"768\" height=\"1024\" src=\"https:\/\/blogdoedvaldomagalhaes.com.br\/wp-content\/uploads\/2022\/04\/IMG-20220430-WA0016-768x1024.jpg\" alt=\"\" class=\"wp-image-82660\" srcset=\"https:\/\/blogdoedvaldomagalhaes.com.br\/wp-content\/uploads\/2022\/04\/IMG-20220430-WA0016-768x1024.jpg 768w, https:\/\/blogdoedvaldomagalhaes.com.br\/wp-content\/uploads\/2022\/04\/IMG-20220430-WA0016-225x300.jpg 225w, https:\/\/blogdoedvaldomagalhaes.com.br\/wp-content\/uploads\/2022\/04\/IMG-20220430-WA0016-1152x1536.jpg 1152w, https:\/\/blogdoedvaldomagalhaes.com.br\/wp-content\/uploads\/2022\/04\/IMG-20220430-WA0016.jpg 1200w\" sizes=\"auto, (max-width: 768px) 100vw, 768px\" \/><\/figure>\n\n\n\n<figure class=\"wp-block-image size-large\"><img loading=\"lazy\" decoding=\"async\" width=\"819\" height=\"1024\" src=\"https:\/\/blogdoedvaldomagalhaes.com.br\/wp-content\/uploads\/2022\/04\/IMG-20220430-WA0019-819x1024.jpg\" alt=\"\" class=\"wp-image-82661\" srcset=\"https:\/\/blogdoedvaldomagalhaes.com.br\/wp-content\/uploads\/2022\/04\/IMG-20220430-WA0019-819x1024.jpg 819w, https:\/\/blogdoedvaldomagalhaes.com.br\/wp-content\/uploads\/2022\/04\/IMG-20220430-WA0019-240x300.jpg 240w, https:\/\/blogdoedvaldomagalhaes.com.br\/wp-content\/uploads\/2022\/04\/IMG-20220430-WA0019-768x960.jpg 768w, https:\/\/blogdoedvaldomagalhaes.com.br\/wp-content\/uploads\/2022\/04\/IMG-20220430-WA0019-1229x1536.jpg 1229w, https:\/\/blogdoedvaldomagalhaes.com.br\/wp-content\/uploads\/2022\/04\/IMG-20220430-WA0019.jpg 1280w\" sizes=\"auto, (max-width: 819px) 100vw, 819px\" \/><\/figure>\n\n\n\n<figure class=\"wp-block-image size-large\"><img loading=\"lazy\" decoding=\"async\" width=\"1024\" height=\"768\" src=\"https:\/\/blogdoedvaldomagalhaes.com.br\/wp-content\/uploads\/2022\/04\/IMG-20220430-WA0020-1024x768.jpg\" alt=\"\" class=\"wp-image-82663\" srcset=\"https:\/\/blogdoedvaldomagalhaes.com.br\/wp-content\/uploads\/2022\/04\/IMG-20220430-WA0020-1024x768.jpg 1024w, https:\/\/blogdoedvaldomagalhaes.com.br\/wp-content\/uploads\/2022\/04\/IMG-20220430-WA0020-300x225.jpg 300w, https:\/\/blogdoedvaldomagalhaes.com.br\/wp-content\/uploads\/2022\/04\/IMG-20220430-WA0020-768x576.jpg 768w, https:\/\/blogdoedvaldomagalhaes.com.br\/wp-content\/uploads\/2022\/04\/IMG-20220430-WA0020-1536x1152.jpg 1536w, https:\/\/blogdoedvaldomagalhaes.com.br\/wp-content\/uploads\/2022\/04\/IMG-20220430-WA0020-160x120.jpg 160w, https:\/\/blogdoedvaldomagalhaes.com.br\/wp-content\/uploads\/2022\/04\/IMG-20220430-WA0020.jpg 1600w\" sizes=\"auto, (max-width: 1024px) 100vw, 1024px\" \/><\/figure>\n\n\n\n<figure class=\"wp-block-image size-large\"><img loading=\"lazy\" decoding=\"async\" width=\"819\" height=\"1024\" src=\"https:\/\/blogdoedvaldomagalhaes.com.br\/wp-content\/uploads\/2022\/04\/IMG-20220430-WA0024-819x1024.jpg\" alt=\"\" class=\"wp-image-82664\" srcset=\"https:\/\/blogdoedvaldomagalhaes.com.br\/wp-content\/uploads\/2022\/04\/IMG-20220430-WA0024-819x1024.jpg 819w, https:\/\/blogdoedvaldomagalhaes.com.br\/wp-content\/uploads\/2022\/04\/IMG-20220430-WA0024-240x300.jpg 240w, https:\/\/blogdoedvaldomagalhaes.com.br\/wp-content\/uploads\/2022\/04\/IMG-20220430-WA0024-768x960.jpg 768w, https:\/\/blogdoedvaldomagalhaes.com.br\/wp-content\/uploads\/2022\/04\/IMG-20220430-WA0024-1229x1536.jpg 1229w, https:\/\/blogdoedvaldomagalhaes.com.br\/wp-content\/uploads\/2022\/04\/IMG-20220430-WA0024.jpg 1280w\" sizes=\"auto, (max-width: 819px) 100vw, 819px\" \/><\/figure>\n\n\n\n<figure class=\"wp-block-image size-large\"><img loading=\"lazy\" decoding=\"async\" width=\"768\" height=\"1024\" src=\"https:\/\/blogdoedvaldomagalhaes.com.br\/wp-content\/uploads\/2022\/04\/IMG-20220430-WA0023-768x1024.jpg\" alt=\"\" class=\"wp-image-82665\" srcset=\"https:\/\/blogdoedvaldomagalhaes.com.br\/wp-content\/uploads\/2022\/04\/IMG-20220430-WA0023-768x1024.jpg 768w, https:\/\/blogdoedvaldomagalhaes.com.br\/wp-content\/uploads\/2022\/04\/IMG-20220430-WA0023-225x300.jpg 225w, https:\/\/blogdoedvaldomagalhaes.com.br\/wp-content\/uploads\/2022\/04\/IMG-20220430-WA0023-1152x1536.jpg 1152w, https:\/\/blogdoedvaldomagalhaes.com.br\/wp-content\/uploads\/2022\/04\/IMG-20220430-WA0023.jpg 1200w\" sizes=\"auto, (max-width: 768px) 100vw, 768px\" \/><\/figure>\n\n\n\n<figure class=\"wp-block-image size-large\"><img loading=\"lazy\" decoding=\"async\" width=\"822\" height=\"1024\" src=\"https:\/\/blogdoedvaldomagalhaes.com.br\/wp-content\/uploads\/2022\/04\/IMG-20220430-WA0017-822x1024.jpg\" alt=\"\" class=\"wp-image-82673\" srcset=\"https:\/\/blogdoedvaldomagalhaes.com.br\/wp-content\/uploads\/2022\/04\/IMG-20220430-WA0017-822x1024.jpg 822w, https:\/\/blogdoedvaldomagalhaes.com.br\/wp-content\/uploads\/2022\/04\/IMG-20220430-WA0017-241x300.jpg 241w, https:\/\/blogdoedvaldomagalhaes.com.br\/wp-content\/uploads\/2022\/04\/IMG-20220430-WA0017-768x957.jpg 768w, https:\/\/blogdoedvaldomagalhaes.com.br\/wp-content\/uploads\/2022\/04\/IMG-20220430-WA0017-1233x1536.jpg 1233w, https:\/\/blogdoedvaldomagalhaes.com.br\/wp-content\/uploads\/2022\/04\/IMG-20220430-WA0017.jpg 1284w\" sizes=\"auto, (max-width: 822px) 100vw, 822px\" \/><\/figure>\n\n\n\n<figure class=\"wp-block-image size-large\"><img loading=\"lazy\" decoding=\"async\" width=\"768\" height=\"1024\" src=\"https:\/\/blogdoedvaldomagalhaes.com.br\/wp-content\/uploads\/2022\/04\/IMG-20220430-WA0018-768x1024.jpg\" alt=\"\" class=\"wp-image-82667\" srcset=\"https:\/\/blogdoedvaldomagalhaes.com.br\/wp-content\/uploads\/2022\/04\/IMG-20220430-WA0018-768x1024.jpg 768w, https:\/\/blogdoedvaldomagalhaes.com.br\/wp-content\/uploads\/2022\/04\/IMG-20220430-WA0018-225x300.jpg 225w, https:\/\/blogdoedvaldomagalhaes.com.br\/wp-content\/uploads\/2022\/04\/IMG-20220430-WA0018-1152x1536.jpg 1152w, https:\/\/blogdoedvaldomagalhaes.com.br\/wp-content\/uploads\/2022\/04\/IMG-20220430-WA0018.jpg 1200w\" sizes=\"auto, (max-width: 768px) 100vw, 768px\" \/><\/figure>\n\n\n\n<figure class=\"wp-block-image size-large\"><img loading=\"lazy\" decoding=\"async\" width=\"819\" height=\"1024\" src=\"https:\/\/blogdoedvaldomagalhaes.com.br\/wp-content\/uploads\/2022\/04\/IMG-20220430-WA0021-819x1024.jpg\" alt=\"\" class=\"wp-image-82676\" srcset=\"https:\/\/blogdoedvaldomagalhaes.com.br\/wp-content\/uploads\/2022\/04\/IMG-20220430-WA0021-819x1024.jpg 819w, https:\/\/blogdoedvaldomagalhaes.com.br\/wp-content\/uploads\/2022\/04\/IMG-20220430-WA0021-240x300.jpg 240w, https:\/\/blogdoedvaldomagalhaes.com.br\/wp-content\/uploads\/2022\/04\/IMG-20220430-WA0021-768x960.jpg 768w, https:\/\/blogdoedvaldomagalhaes.com.br\/wp-content\/uploads\/2022\/04\/IMG-20220430-WA0021-1229x1536.jpg 1229w, https:\/\/blogdoedvaldomagalhaes.com.br\/wp-content\/uploads\/2022\/04\/IMG-20220430-WA0021.jpg 1280w\" sizes=\"auto, (max-width: 819px) 100vw, 819px\" \/><figcaption>Fotos: Divulga\u00e7\u00e3o<\/figcaption><\/figure>\n","protected":false},"excerpt":{"rendered":"<p>Caruaru volta a brilhar no cen\u00e1rio internacional com a fam\u00edlia Santana. Foram 4 vagas in\u00e9ditas conquistadas para a sele\u00e7\u00e3o Brasileira&hellip;<\/p>\n","protected":false},"author":1,"featured_media":82658,"comment_status":"open","ping_status":"open","sticky":false,"template":"","format":"standard","meta":{"footnotes":""},"categories":[14120],"tags":[2,19532,3406,24537],"class_list":["post-82657","post","type-post","status-publish","format-standard","has-post-thumbnail","hentry","category-noticias","tag-blog-do-edvaldo-magalhaes","tag-blog-mais-acessado-e-visualizado-de-caruaru-e-regiao","tag-caruaru","tag-caruaru-conquista-tres-medalhas-no-campeonato-sul-americano-de-karate"],"_links":{"self":[{"href":"https:\/\/blogdoedvaldomagalhaes.com.br\/index.php\/wp-json\/wp\/v2\/posts\/82657","targetHints":{"allow":["GET"]}}],"collection":[{"href":"https:\/\/blogdoedvaldomagalhaes.com.br\/index.php\/wp-json\/wp\/v2\/posts"}],"about":[{"href":"https:\/\/blogdoedvaldomagalhaes.com.br\/index.php\/wp-json\/wp\/v2\/types\/post"}],"author":[{"embeddable":true,"href":"https:\/\/blogdoedvaldomagalhaes.com.br\/index.php\/wp-json\/wp\/v2\/users\/1"}],"replies":[{"embeddable":true,"href":"https:\/\/blogdoedvaldomagalhaes.com.br\/index.php\/wp-json\/wp\/v2\/comments?post=82657"}],"version-history":[{"count":5,"href":"https:\/\/blogdoedvaldomagalhaes.com.br\/index.php\/wp-json\/wp\/v2\/posts\/82657\/revisions"}],"predecessor-version":[{"id":82678,"href":"https:\/\/blogdoedvaldomagalhaes.com.br\/index.php\/wp-json\/wp\/v2\/posts\/82657\/revisions\/82678"}],"wp:featuredmedia":[{"embeddable":true,"href":"https:\/\/blogdoedvaldomagalhaes.com.br\/index.php\/wp-json\/wp\/v2\/media\/82658"}],"wp:attachment":[{"href":"https:\/\/blogdoedvaldomagalhaes.com.br\/index.php\/wp-json\/wp\/v2\/media?parent=82657"}],"wp:term":[{"taxonomy":"category","embeddable":true,"href":"https:\/\/blogdoedvaldomagalhaes.com.br\/index.php\/wp-json\/wp\/v2\/categories?post=82657"},{"taxonomy":"post_tag","embeddable":true,"href":"https:\/\/blogdoedvaldomagalhaes.com.br\/index.php\/wp-json\/wp\/v2\/tags?post=82657"}],"curies":[{"name":"wp","href":"https:\/\/api.w.org\/{rel}","templated":true}]}}