{"id":82654,"date":"2022-04-30T17:50:43","date_gmt":"2022-04-30T20:50:43","guid":{"rendered":"https:\/\/blogdoedvaldomagalhaes.com.br\/?p=82654"},"modified":"2022-04-30T17:50:44","modified_gmt":"2022-04-30T20:50:44","slug":"3a-mostra-de-mesa-posta-sera-realizada-em-caruaru-neste-domingo-01","status":"publish","type":"post","link":"https:\/\/blogdoedvaldomagalhaes.com.br\/index.php\/2022\/04\/30\/3a-mostra-de-mesa-posta-sera-realizada-em-caruaru-neste-domingo-01\/","title":{"rendered":"3\u00aa mostra de Mesa Posta ser\u00e1 realizada em Caruaru neste domingo (01)"},"content":{"rendered":"<p style=\"text-align: justify;\">Se voc\u00ea n\u00e3o tem planos para o feriado, agora tem! Neste domingo (01), feriado do Dia do Trabalhador, o Polo Caruaru estar\u00e1 funcionando em hor\u00e1rio normal, das 9h \u00e0s 18h. Para este final de semana, o Centro de Compras estar\u00e1 realizando a 3\u00aa exposi\u00e7\u00e3o de Mesa Posta do Polo, que vai contar com mais de 10 expositores. A exposi\u00e7\u00e3o vai trazer as novidades do ramo, al\u00e9m de mostrar maneiras criativas e elegantes de preparar a mesa para diversas ocasi\u00f5es.<\/p>\n<p>A 3\u00aa exposi\u00e7\u00e3o de Mesa Posta do Polo come\u00e7a no dia 1\u00ba de maio e seguir\u00e1 at\u00e9 o outro domingo (08), na \u00e1rea de evento 1 (em frente \u00e0 Batista Bijuteria). Al\u00e9m disso, os visitantes que ainda n\u00e3o conferiram o Polo Jump dever\u00e3o aproveitar os \u00faltimos dias do brinquedo que fica no Polo at\u00e9 este s\u00e1bado (29). Para adultos e crian\u00e7as, o Polo continua com os triciclos el\u00e9tricos, que funcionam aos feriados e finais de semana.<\/p>\n<p>Pensando no Dia das M\u00e3es, os lojistas j\u00e1 est\u00e3o prontos para receber os compradores e visitantes que est\u00e3o em busca de presentes. S\u00e3o mais de 200 op\u00e7\u00f5es de lojas, com diversos tipos de produtos, como roupas, cal\u00e7ados, acess\u00f3rios e joias. N\u00e3o perca tempo e corre pro Polo, aqui voc\u00ea encontra economia e divers\u00e3o!<\/p>\n","protected":false},"excerpt":{"rendered":"<p>Se voc\u00ea n\u00e3o tem planos para o feriado, agora tem! Neste domingo (01), feriado do Dia do Trabalhador, o Polo&hellip;<\/p>\n","protected":false},"author":1,"featured_media":82655,"comment_status":"open","ping_status":"open","sticky":false,"template":"","format":"standard","meta":{"footnotes":""},"categories":[14120],"tags":[24536,2,19532,3406],"class_list":["post-82654","post","type-post","status-publish","format-standard","has-post-thumbnail","hentry","category-noticias","tag-3a-mostra-de-mesa-posta-sera-realizada-em-caruaru-neste-domingo-01","tag-blog-do-edvaldo-magalhaes","tag-blog-mais-acessado-e-visualizado-de-caruaru-e-regiao","tag-caruaru"],"_links":{"self":[{"href":"https:\/\/blogdoedvaldomagalhaes.com.br\/index.php\/wp-json\/wp\/v2\/posts\/82654","targetHints":{"allow":["GET"]}}],"collection":[{"href":"https:\/\/blogdoedvaldomagalhaes.com.br\/index.php\/wp-json\/wp\/v2\/posts"}],"about":[{"href":"https:\/\/blogdoedvaldomagalhaes.com.br\/index.php\/wp-json\/wp\/v2\/types\/post"}],"author":[{"embeddable":true,"href":"https:\/\/blogdoedvaldomagalhaes.com.br\/index.php\/wp-json\/wp\/v2\/users\/1"}],"replies":[{"embeddable":true,"href":"https:\/\/blogdoedvaldomagalhaes.com.br\/index.php\/wp-json\/wp\/v2\/comments?post=82654"}],"version-history":[{"count":1,"href":"https:\/\/blogdoedvaldomagalhaes.com.br\/index.php\/wp-json\/wp\/v2\/posts\/82654\/revisions"}],"predecessor-version":[{"id":82656,"href":"https:\/\/blogdoedvaldomagalhaes.com.br\/index.php\/wp-json\/wp\/v2\/posts\/82654\/revisions\/82656"}],"wp:featuredmedia":[{"embeddable":true,"href":"https:\/\/blogdoedvaldomagalhaes.com.br\/index.php\/wp-json\/wp\/v2\/media\/82655"}],"wp:attachment":[{"href":"https:\/\/blogdoedvaldomagalhaes.com.br\/index.php\/wp-json\/wp\/v2\/media?parent=82654"}],"wp:term":[{"taxonomy":"category","embeddable":true,"href":"https:\/\/blogdoedvaldomagalhaes.com.br\/index.php\/wp-json\/wp\/v2\/categories?post=82654"},{"taxonomy":"post_tag","embeddable":true,"href":"https:\/\/blogdoedvaldomagalhaes.com.br\/index.php\/wp-json\/wp\/v2\/tags?post=82654"}],"curies":[{"name":"wp","href":"https:\/\/api.w.org\/{rel}","templated":true}]}}