{"id":82644,"date":"2022-04-30T13:39:48","date_gmt":"2022-04-30T16:39:48","guid":{"rendered":"https:\/\/blogdoedvaldomagalhaes.com.br\/?p=82644"},"modified":"2022-04-30T13:39:49","modified_gmt":"2022-04-30T16:39:49","slug":"miss-supra-pernambuco-disputara-o-titulo-nacional-no-dia-06-maio","status":"publish","type":"post","link":"https:\/\/blogdoedvaldomagalhaes.com.br\/index.php\/2022\/04\/30\/miss-supra-pernambuco-disputara-o-titulo-nacional-no-dia-06-maio\/","title":{"rendered":"Miss Supra Pernambuco disputar\u00e1 o t\u00edtulo nacional no dia 06 maio"},"content":{"rendered":"<p style=\"text-align: justify;\"><span style=\"font-size: inherit;\">A Miss Supra Pernambuco, Joyce Tavares, vai participar do Miss Supranational Brasil 2022, que acontecer\u00e1 de 03 a 07 de maio em Balne\u00e1rio Cambori\u00fa-SC. O concurso vai eleger a sua 13\u00aa miss e a pernambucana concorrer\u00e1 \u00e0 vaga.<\/span><\/p>\n<p style=\"text-align: justify;\">Joyce Tavares foi aclamada Miss Supra Pernambuco no \u00faltimo 18 de mar\u00e7o. A jovem de 26 anos \u00e9 natural de Palmares, zona da Mata Sul, mas desde 2010 mora em Caruaru, no Agreste. \u00c9 formada em Fisioterapia, \u00e9 modelo fotogr\u00e1fica e em 2020 alcan\u00e7ou o top 2 no Miss Caruaru.<\/p>\n<p style=\"text-align: justify;\">Fotos: Patrick Azevedo.<\/p>\n\n\n<figure class=\"wp-block-image size-large\"><img loading=\"lazy\" decoding=\"async\" width=\"828\" height=\"1019\" src=\"https:\/\/blogdoedvaldomagalhaes.com.br\/wp-content\/uploads\/2022\/04\/IMG-20220430-WA0173.jpg\" alt=\"\" class=\"wp-image-82647\" srcset=\"https:\/\/blogdoedvaldomagalhaes.com.br\/wp-content\/uploads\/2022\/04\/IMG-20220430-WA0173.jpg 828w, https:\/\/blogdoedvaldomagalhaes.com.br\/wp-content\/uploads\/2022\/04\/IMG-20220430-WA0173-244x300.jpg 244w, https:\/\/blogdoedvaldomagalhaes.com.br\/wp-content\/uploads\/2022\/04\/IMG-20220430-WA0173-768x945.jpg 768w\" sizes=\"auto, (max-width: 828px) 100vw, 828px\" \/><\/figure>\n","protected":false},"excerpt":{"rendered":"<p>A Miss Supra Pernambuco, Joyce Tavares, vai participar do Miss Supranational Brasil 2022, que acontecer\u00e1 de 03 a 07 de&hellip;<\/p>\n","protected":false},"author":1,"featured_media":82646,"comment_status":"open","ping_status":"open","sticky":false,"template":"","format":"standard","meta":{"footnotes":""},"categories":[14120],"tags":[2,19532,3406,24535],"class_list":["post-82644","post","type-post","status-publish","format-standard","has-post-thumbnail","hentry","category-noticias","tag-blog-do-edvaldo-magalhaes","tag-blog-mais-acessado-e-visualizado-de-caruaru-e-regiao","tag-caruaru","tag-miss-supra-pernambuco-disputara-o-titulo-nacional-no-dia-06-maio"],"_links":{"self":[{"href":"https:\/\/blogdoedvaldomagalhaes.com.br\/index.php\/wp-json\/wp\/v2\/posts\/82644","targetHints":{"allow":["GET"]}}],"collection":[{"href":"https:\/\/blogdoedvaldomagalhaes.com.br\/index.php\/wp-json\/wp\/v2\/posts"}],"about":[{"href":"https:\/\/blogdoedvaldomagalhaes.com.br\/index.php\/wp-json\/wp\/v2\/types\/post"}],"author":[{"embeddable":true,"href":"https:\/\/blogdoedvaldomagalhaes.com.br\/index.php\/wp-json\/wp\/v2\/users\/1"}],"replies":[{"embeddable":true,"href":"https:\/\/blogdoedvaldomagalhaes.com.br\/index.php\/wp-json\/wp\/v2\/comments?post=82644"}],"version-history":[{"count":1,"href":"https:\/\/blogdoedvaldomagalhaes.com.br\/index.php\/wp-json\/wp\/v2\/posts\/82644\/revisions"}],"predecessor-version":[{"id":82648,"href":"https:\/\/blogdoedvaldomagalhaes.com.br\/index.php\/wp-json\/wp\/v2\/posts\/82644\/revisions\/82648"}],"wp:featuredmedia":[{"embeddable":true,"href":"https:\/\/blogdoedvaldomagalhaes.com.br\/index.php\/wp-json\/wp\/v2\/media\/82646"}],"wp:attachment":[{"href":"https:\/\/blogdoedvaldomagalhaes.com.br\/index.php\/wp-json\/wp\/v2\/media?parent=82644"}],"wp:term":[{"taxonomy":"category","embeddable":true,"href":"https:\/\/blogdoedvaldomagalhaes.com.br\/index.php\/wp-json\/wp\/v2\/categories?post=82644"},{"taxonomy":"post_tag","embeddable":true,"href":"https:\/\/blogdoedvaldomagalhaes.com.br\/index.php\/wp-json\/wp\/v2\/tags?post=82644"}],"curies":[{"name":"wp","href":"https:\/\/api.w.org\/{rel}","templated":true}]}}