{"id":82638,"date":"2022-04-30T13:23:56","date_gmt":"2022-04-30T16:23:56","guid":{"rendered":"https:\/\/blogdoedvaldomagalhaes.com.br\/?p=82638"},"modified":"2022-04-30T13:47:54","modified_gmt":"2022-04-30T16:47:54","slug":"atleta-caruaruense-mylena-coutinho-ganha-medalha-de-ouro-na-copa-brasil-de-natacao","status":"publish","type":"post","link":"https:\/\/blogdoedvaldomagalhaes.com.br\/index.php\/2022\/04\/30\/atleta-caruaruense-mylena-coutinho-ganha-medalha-de-ouro-na-copa-brasil-de-natacao\/","title":{"rendered":"Atleta caruaruense Myrela Coutinho ganha medalha de ouro na Copa Brasil de nata\u00e7\u00e3o"},"content":{"rendered":"<p style=\"text-align: justify;\">Com alegria, a Unimed Caruaru, patrocinadora da nadadora caruaruense Myrela Coutinho, de 13 anos, parabeniza a atleta pelo 1\u00ba lugar na categoria infantil da 5\u00aa etapa da Copa Brasil de \u00c1guas Abertas 5Km e 6\u00aa lugar geral , realizada em Porto Seguro-BA, neste s\u00e1bado (30).<\/p>\n<p style=\"text-align: justify;\">Myrela representa nossa esperan\u00e7a nos jovens e nossa confian\u00e7a de que, atrav\u00e9s do esporte, muitas realidades podem ser transformadas.<\/p>\n<p style=\"text-align: justify;\">Com orgulho, comunicamos mais essa conquista da nossa atleta, que j\u00e1 acumula diversos lugares no p\u00f3dio s\u00f3 este ano, como no II Campeonato Pernambucano de Nata\u00e7\u00e3o, no qual conquistou medalhas ouro nos 200m peito e de prata nos 100m peito, 200m livres e 1.500m livres.<\/p>\n","protected":false},"excerpt":{"rendered":"<p>Com alegria, a Unimed Caruaru, patrocinadora da nadadora caruaruense Myrela Coutinho, de 13 anos, parabeniza a atleta pelo 1\u00ba lugar&hellip;<\/p>\n","protected":false},"author":1,"featured_media":82643,"comment_status":"open","ping_status":"open","sticky":false,"template":"","format":"standard","meta":{"footnotes":""},"categories":[14120],"tags":[24533,2,19532,3406,24534],"class_list":["post-82638","post","type-post","status-publish","format-standard","has-post-thumbnail","hentry","category-noticias","tag-atleta-caruaruense-mylena-coutinho-ganha-medalha-de-ouro-na-copa-brasil-de-natacao","tag-blog-do-edvaldo-magalhaes","tag-blog-mais-acessado-e-visualizado-de-caruaru-e-regiao","tag-caruaru","tag-unimed"],"_links":{"self":[{"href":"https:\/\/blogdoedvaldomagalhaes.com.br\/index.php\/wp-json\/wp\/v2\/posts\/82638","targetHints":{"allow":["GET"]}}],"collection":[{"href":"https:\/\/blogdoedvaldomagalhaes.com.br\/index.php\/wp-json\/wp\/v2\/posts"}],"about":[{"href":"https:\/\/blogdoedvaldomagalhaes.com.br\/index.php\/wp-json\/wp\/v2\/types\/post"}],"author":[{"embeddable":true,"href":"https:\/\/blogdoedvaldomagalhaes.com.br\/index.php\/wp-json\/wp\/v2\/users\/1"}],"replies":[{"embeddable":true,"href":"https:\/\/blogdoedvaldomagalhaes.com.br\/index.php\/wp-json\/wp\/v2\/comments?post=82638"}],"version-history":[{"count":2,"href":"https:\/\/blogdoedvaldomagalhaes.com.br\/index.php\/wp-json\/wp\/v2\/posts\/82638\/revisions"}],"predecessor-version":[{"id":82650,"href":"https:\/\/blogdoedvaldomagalhaes.com.br\/index.php\/wp-json\/wp\/v2\/posts\/82638\/revisions\/82650"}],"wp:featuredmedia":[{"embeddable":true,"href":"https:\/\/blogdoedvaldomagalhaes.com.br\/index.php\/wp-json\/wp\/v2\/media\/82643"}],"wp:attachment":[{"href":"https:\/\/blogdoedvaldomagalhaes.com.br\/index.php\/wp-json\/wp\/v2\/media?parent=82638"}],"wp:term":[{"taxonomy":"category","embeddable":true,"href":"https:\/\/blogdoedvaldomagalhaes.com.br\/index.php\/wp-json\/wp\/v2\/categories?post=82638"},{"taxonomy":"post_tag","embeddable":true,"href":"https:\/\/blogdoedvaldomagalhaes.com.br\/index.php\/wp-json\/wp\/v2\/tags?post=82638"}],"curies":[{"name":"wp","href":"https:\/\/api.w.org\/{rel}","templated":true}]}}