{"id":82635,"date":"2022-04-30T13:02:40","date_gmt":"2022-04-30T16:02:40","guid":{"rendered":"https:\/\/blogdoedvaldomagalhaes.com.br\/?p=82635"},"modified":"2022-04-30T13:02:41","modified_gmt":"2022-04-30T16:02:41","slug":"erick-lessa-se-reune-com-juiz-da-vara-da-infancia-e-conselheiros-tutelares-em-caruaru","status":"publish","type":"post","link":"https:\/\/blogdoedvaldomagalhaes.com.br\/index.php\/2022\/04\/30\/erick-lessa-se-reune-com-juiz-da-vara-da-infancia-e-conselheiros-tutelares-em-caruaru\/","title":{"rendered":"Erick Lessa se re\u00fane com juiz da Vara da Inf\u00e2ncia e conselheiros tutelares em Caruaru"},"content":{"rendered":"<p style=\"text-align: justify;\"><span style=\"font-size: inherit;\">Mantendo o foco na defesa dos direitos da crian\u00e7a e do adolescente, o deputado Erick Lessa se reuniu na manh\u00e3 deste s\u00e1bado (30) para tratar de assuntos como o fortalecimento dos conselhos tutelares em Pernambuco.<\/span><\/p>\n<p style=\"text-align: justify;\">O encontro ocorreu em um centro de compras, com as presen\u00e7as do juiz regional da Vara da Inf\u00e2ncia e Juventude, Jos\u00e9 Fernando; do advogado Vanderlei Gon\u00e7alves; do conselheiro Gilvanilson Ferreira (Gil Bobinho); do representante Alexandre Valente; do empres\u00e1rio Jandoval Bezerra; do empres\u00e1rio Marcelo Lima e de coordenadores dos Conselhos Tutelares I, II e III, em Caruaru.<\/p>\n<p style=\"text-align: justify;\">Essa reuni\u00e3o faz parte de uma s\u00e9rie de encontros promovidos pelo deputado, realizando uma articula\u00e7\u00e3o para a audi\u00eancia p\u00fablica que haver\u00e1 em maio na Assembleia Legislativa de Pernambuco, em Recife. O objetivo \u00e9 construir uma pauta de a\u00e7\u00f5es visando a assegurar mais prote\u00e7\u00e3o \u00e0 crian\u00e7a e ao adolescente.<\/p>\n<p style=\"text-align: justify;\">Essa tem\u00e1tica \u00e9 constante no mandato do parlamentar. Entre outras a\u00e7\u00f5es, Lessa \u00e9 autor da Lei n\u00ba 17.486\/2021, que transforma outubro no M\u00eas Estadual de Prote\u00e7\u00e3o Integral \u00e0 Crian\u00e7a e ao Adolescente, e da Lei 16.975\/2020, que garante prioridade de matr\u00edcula nas escolas de tempo integral para crian\u00e7as em situa\u00e7\u00e3o de vulnerabilidade social.<\/p>\n<p style=\"text-align: justify;\">Foto: Divulga\u00e7\u00e3o.<\/p>\n","protected":false},"excerpt":{"rendered":"<p>Mantendo o foco na defesa dos direitos da crian\u00e7a e do adolescente, o deputado Erick Lessa se reuniu na manh\u00e3&hellip;<\/p>\n","protected":false},"author":1,"featured_media":82636,"comment_status":"open","ping_status":"open","sticky":false,"template":"","format":"standard","meta":{"footnotes":""},"categories":[14122],"tags":[2,19532,3406,24532,20],"class_list":["post-82635","post","type-post","status-publish","format-standard","has-post-thumbnail","hentry","category-politica","tag-blog-do-edvaldo-magalhaes","tag-blog-mais-acessado-e-visualizado-de-caruaru-e-regiao","tag-caruaru","tag-erick-lessa-se-reune-com-juiz-da-vara-da-infancia-e-conselheiros-tutelares-em-caruaru","tag-politica"],"_links":{"self":[{"href":"https:\/\/blogdoedvaldomagalhaes.com.br\/index.php\/wp-json\/wp\/v2\/posts\/82635","targetHints":{"allow":["GET"]}}],"collection":[{"href":"https:\/\/blogdoedvaldomagalhaes.com.br\/index.php\/wp-json\/wp\/v2\/posts"}],"about":[{"href":"https:\/\/blogdoedvaldomagalhaes.com.br\/index.php\/wp-json\/wp\/v2\/types\/post"}],"author":[{"embeddable":true,"href":"https:\/\/blogdoedvaldomagalhaes.com.br\/index.php\/wp-json\/wp\/v2\/users\/1"}],"replies":[{"embeddable":true,"href":"https:\/\/blogdoedvaldomagalhaes.com.br\/index.php\/wp-json\/wp\/v2\/comments?post=82635"}],"version-history":[{"count":1,"href":"https:\/\/blogdoedvaldomagalhaes.com.br\/index.php\/wp-json\/wp\/v2\/posts\/82635\/revisions"}],"predecessor-version":[{"id":82637,"href":"https:\/\/blogdoedvaldomagalhaes.com.br\/index.php\/wp-json\/wp\/v2\/posts\/82635\/revisions\/82637"}],"wp:featuredmedia":[{"embeddable":true,"href":"https:\/\/blogdoedvaldomagalhaes.com.br\/index.php\/wp-json\/wp\/v2\/media\/82636"}],"wp:attachment":[{"href":"https:\/\/blogdoedvaldomagalhaes.com.br\/index.php\/wp-json\/wp\/v2\/media?parent=82635"}],"wp:term":[{"taxonomy":"category","embeddable":true,"href":"https:\/\/blogdoedvaldomagalhaes.com.br\/index.php\/wp-json\/wp\/v2\/categories?post=82635"},{"taxonomy":"post_tag","embeddable":true,"href":"https:\/\/blogdoedvaldomagalhaes.com.br\/index.php\/wp-json\/wp\/v2\/tags?post=82635"}],"curies":[{"name":"wp","href":"https:\/\/api.w.org\/{rel}","templated":true}]}}