{"id":82629,"date":"2022-04-29T21:38:35","date_gmt":"2022-04-30T00:38:35","guid":{"rendered":"https:\/\/blogdoedvaldomagalhaes.com.br\/?p=82629"},"modified":"2022-04-29T21:38:36","modified_gmt":"2022-04-30T00:38:36","slug":"compesa-suspende-abastecimento-temporariamente-confira-os-locais","status":"publish","type":"post","link":"https:\/\/blogdoedvaldomagalhaes.com.br\/index.php\/2022\/04\/29\/compesa-suspende-abastecimento-temporariamente-confira-os-locais\/","title":{"rendered":"Compesa suspende abastecimento temporariamente; Confira os locais"},"content":{"rendered":"<p style=\"text-align: justify;\"><span style=\"font-size: inherit;\">A Compesa informa que devido a uma manuten\u00e7\u00e3o emergencial na Esta\u00e7\u00e3o Elevat\u00f3ria 2 do Sistema Jucazinho, o abastecimento est\u00e1 temporariamente suspenso nas seguintes \u00e1reas da zona rural de Caruaru: Contendas (lado B parte alta), Rafael (lado B1 e B2), Cachoeira Seca, Ju\u00e1 (parte baixa), Jacar\u00e9 Grande, Palmat\u00f3ria, Lagoa Ro\u00e7ada, Veada Morta, Olho d&#8217;\u00e1gua do F\u00e9lix, Malhada de Barreiras Queimadas e Granja.<\/span><\/p>\n<p style=\"text-align: justify;\">J\u00e1 em Bezerros e em Insurrei\u00e7\u00e3o, distrito de Sair\u00e9, houve redu\u00e7\u00e3o na vaz\u00e3o de distribui\u00e7\u00e3o e ser\u00e1 necess\u00e1rio implementar, a partir de amanh\u00e3 (30), um calend\u00e1rio emergencial provis\u00f3rio de tr\u00eas dias com \u00e1gua e nove dias sem. A Compesa informa, ainda, que a previs\u00e3o de finaliza\u00e7\u00e3o dos servi\u00e7os \u00e9 na pr\u00f3xima quinta-feira (05), quando o abastecimento volta a ser di\u00e1rio em Bezerros e Insurrei\u00e7\u00e3o e conforme o calend\u00e1rio praticado na zona rural de Caruaru.<\/p>\n<p>Foto: Reprodu\u00e7\u00e3o.<\/p>\n","protected":false},"excerpt":{"rendered":"<p>A Compesa informa que devido a uma manuten\u00e7\u00e3o emergencial na Esta\u00e7\u00e3o Elevat\u00f3ria 2 do Sistema Jucazinho, o abastecimento est\u00e1 temporariamente&hellip;<\/p>\n","protected":false},"author":1,"featured_media":16989,"comment_status":"open","ping_status":"open","sticky":false,"template":"","format":"standard","meta":{"footnotes":""},"categories":[14120],"tags":[2,19532,3406,24530],"class_list":["post-82629","post","type-post","status-publish","format-standard","has-post-thumbnail","hentry","category-noticias","tag-blog-do-edvaldo-magalhaes","tag-blog-mais-acessado-e-visualizado-de-caruaru-e-regiao","tag-caruaru","tag-compesa-suspende-abastecimento-temporariamente-confira-os-locais"],"_links":{"self":[{"href":"https:\/\/blogdoedvaldomagalhaes.com.br\/index.php\/wp-json\/wp\/v2\/posts\/82629","targetHints":{"allow":["GET"]}}],"collection":[{"href":"https:\/\/blogdoedvaldomagalhaes.com.br\/index.php\/wp-json\/wp\/v2\/posts"}],"about":[{"href":"https:\/\/blogdoedvaldomagalhaes.com.br\/index.php\/wp-json\/wp\/v2\/types\/post"}],"author":[{"embeddable":true,"href":"https:\/\/blogdoedvaldomagalhaes.com.br\/index.php\/wp-json\/wp\/v2\/users\/1"}],"replies":[{"embeddable":true,"href":"https:\/\/blogdoedvaldomagalhaes.com.br\/index.php\/wp-json\/wp\/v2\/comments?post=82629"}],"version-history":[{"count":1,"href":"https:\/\/blogdoedvaldomagalhaes.com.br\/index.php\/wp-json\/wp\/v2\/posts\/82629\/revisions"}],"predecessor-version":[{"id":82630,"href":"https:\/\/blogdoedvaldomagalhaes.com.br\/index.php\/wp-json\/wp\/v2\/posts\/82629\/revisions\/82630"}],"wp:featuredmedia":[{"embeddable":true,"href":"https:\/\/blogdoedvaldomagalhaes.com.br\/index.php\/wp-json\/wp\/v2\/media\/16989"}],"wp:attachment":[{"href":"https:\/\/blogdoedvaldomagalhaes.com.br\/index.php\/wp-json\/wp\/v2\/media?parent=82629"}],"wp:term":[{"taxonomy":"category","embeddable":true,"href":"https:\/\/blogdoedvaldomagalhaes.com.br\/index.php\/wp-json\/wp\/v2\/categories?post=82629"},{"taxonomy":"post_tag","embeddable":true,"href":"https:\/\/blogdoedvaldomagalhaes.com.br\/index.php\/wp-json\/wp\/v2\/tags?post=82629"}],"curies":[{"name":"wp","href":"https:\/\/api.w.org\/{rel}","templated":true}]}}