{"id":82626,"date":"2022-04-29T19:44:21","date_gmt":"2022-04-29T22:44:21","guid":{"rendered":"https:\/\/blogdoedvaldomagalhaes.com.br\/?p=82626"},"modified":"2022-04-29T19:44:22","modified_gmt":"2022-04-29T22:44:22","slug":"lessa-concede-titulo-de-cidadao-pernambucano-para-delegado-bruno-vital","status":"publish","type":"post","link":"https:\/\/blogdoedvaldomagalhaes.com.br\/index.php\/2022\/04\/29\/lessa-concede-titulo-de-cidadao-pernambucano-para-delegado-bruno-vital\/","title":{"rendered":"Lessa concede t\u00edtulo de cidad\u00e3o pernambucano para delegado Bruno Vital"},"content":{"rendered":"<p style=\"text-align: justify;\"><span style=\"font-size: inherit;\">Foi aprovado pela Assembleia Legislativa de Pernambuco (Alepe) a concess\u00e3o do t\u00edtulo honor\u00edfico de cidad\u00e3o pernambucano ao delegado Bruno Vital. A propositura \u00e9 de autoria do deputado Erick Lessa. A aprova\u00e7\u00e3o foi publicada no Di\u00e1rio Oficial, atrav\u00e9s da resolu\u00e7\u00e3o n\u00ba 1802, de 26 de abril.<\/span><\/p>\n<p style=\"text-align: justify;\">Para o deputado Erick Lessa, a outorga do t\u00edtulo reconhece os resultados da gest\u00e3o em Seguran\u00e7a. \u201cO legado de seu trabalho e sua reputa\u00e7\u00e3o ilibada s\u00e3o elementos que comp\u00f5em a trajet\u00f3ria do delegado Bruno Vital, marcada por honestidade, empenho e dedica\u00e7\u00e3o que fazem diferen\u00e7a para os pernambucanos\u201d, afirmou.<\/p>\n<p style=\"text-align: justify;\">Biografia<br \/>\nDelegado de Pol\u00edcia Civil, Bruno Vital Mota de Andrade nasceu em Macei\u00f3, no dia 29 de abril de 1982. \u00c9 formado em Direito e p\u00f3s-graduado em Ci\u00eancias Criminais e Seguran\u00e7a P\u00fablica e Cidadania. Atua com o delegado em Pernambuco desde 2009, tendo exercido fun\u00e7\u00f5es na apura\u00e7\u00e3o de homic\u00eddios e na realiza\u00e7\u00e3o de opera\u00e7\u00f5es de repress\u00e3o qualificada de grande relev\u00e2ncia. Participou de investiga\u00e7\u00f5es de casos como o do colunista Marcolino J\u00fanior; da garota Ayla Lorena; Opera\u00e7\u00e3o Themis, em Bezerros; e Opera\u00e7\u00e3o Hostes, em Santa Cruz do Capibaribe. Atualmente, \u00e9 gerente de Controle Operacional do Interior 01, respons\u00e1vel por 109 munic\u00edpios, 112 delegacias e 1400 policiais.<\/p>\n<p style=\"text-align: justify;\">Foto: Viliane Gomes\/Arquivo<\/p>\n","protected":false},"excerpt":{"rendered":"<p>Foi aprovado pela Assembleia Legislativa de Pernambuco (Alepe) a concess\u00e3o do t\u00edtulo honor\u00edfico de cidad\u00e3o pernambucano ao delegado Bruno Vital.&hellip;<\/p>\n","protected":false},"author":1,"featured_media":82627,"comment_status":"open","ping_status":"open","sticky":false,"template":"","format":"standard","meta":{"footnotes":""},"categories":[14122],"tags":[2,19532,3406,24529,20],"class_list":["post-82626","post","type-post","status-publish","format-standard","has-post-thumbnail","hentry","category-politica","tag-blog-do-edvaldo-magalhaes","tag-blog-mais-acessado-e-visualizado-de-caruaru-e-regiao","tag-caruaru","tag-lessa-concede-titulo-de-cidadao-pernambucano-para-delegado-bruno-vital","tag-politica"],"_links":{"self":[{"href":"https:\/\/blogdoedvaldomagalhaes.com.br\/index.php\/wp-json\/wp\/v2\/posts\/82626","targetHints":{"allow":["GET"]}}],"collection":[{"href":"https:\/\/blogdoedvaldomagalhaes.com.br\/index.php\/wp-json\/wp\/v2\/posts"}],"about":[{"href":"https:\/\/blogdoedvaldomagalhaes.com.br\/index.php\/wp-json\/wp\/v2\/types\/post"}],"author":[{"embeddable":true,"href":"https:\/\/blogdoedvaldomagalhaes.com.br\/index.php\/wp-json\/wp\/v2\/users\/1"}],"replies":[{"embeddable":true,"href":"https:\/\/blogdoedvaldomagalhaes.com.br\/index.php\/wp-json\/wp\/v2\/comments?post=82626"}],"version-history":[{"count":1,"href":"https:\/\/blogdoedvaldomagalhaes.com.br\/index.php\/wp-json\/wp\/v2\/posts\/82626\/revisions"}],"predecessor-version":[{"id":82628,"href":"https:\/\/blogdoedvaldomagalhaes.com.br\/index.php\/wp-json\/wp\/v2\/posts\/82626\/revisions\/82628"}],"wp:featuredmedia":[{"embeddable":true,"href":"https:\/\/blogdoedvaldomagalhaes.com.br\/index.php\/wp-json\/wp\/v2\/media\/82627"}],"wp:attachment":[{"href":"https:\/\/blogdoedvaldomagalhaes.com.br\/index.php\/wp-json\/wp\/v2\/media?parent=82626"}],"wp:term":[{"taxonomy":"category","embeddable":true,"href":"https:\/\/blogdoedvaldomagalhaes.com.br\/index.php\/wp-json\/wp\/v2\/categories?post=82626"},{"taxonomy":"post_tag","embeddable":true,"href":"https:\/\/blogdoedvaldomagalhaes.com.br\/index.php\/wp-json\/wp\/v2\/tags?post=82626"}],"curies":[{"name":"wp","href":"https:\/\/api.w.org\/{rel}","templated":true}]}}