{"id":82620,"date":"2022-04-29T13:44:04","date_gmt":"2022-04-29T16:44:04","guid":{"rendered":"https:\/\/blogdoedvaldomagalhaes.com.br\/?p=82620"},"modified":"2022-04-29T13:44:05","modified_gmt":"2022-04-29T16:44:05","slug":"cref12-pe-interdita-duas-academias-durante-fiscalizacao","status":"publish","type":"post","link":"https:\/\/blogdoedvaldomagalhaes.com.br\/index.php\/2022\/04\/29\/cref12-pe-interdita-duas-academias-durante-fiscalizacao\/","title":{"rendered":"CREF12\/PE interdita duas academias durante fiscaliza\u00e7\u00e3o"},"content":{"rendered":"<p style=\"text-align: justify;\"><span style=\"font-size: inherit;\">O Conselho Regional de Educa\u00e7\u00e3o F\u00edsica da 12\u00aa Regi\u00e3o\/Pernambuco (CREF12\/PE) realizou, entre os dias 26 e 29 de abril, a segunda fase da Opera\u00e7\u00e3o Intensiva \u2018De Olho no Agreste\u2019, nas academias do Agreste pernambucano.<\/span><\/p>\n<p style=\"text-align: justify;\">No total, 66 locais foram fiscalizados e 56 den\u00fancias averiguadas. Destes, dez academias clandestinas foram notificadas e duas interditadas, uma no munic\u00edpio de Camocim de S\u00e3o F\u00e9lix e a outra em S\u00e3o Joaquim do Monte. As equipes do Departamento de Orienta\u00e7\u00e3o e Fiscaliza\u00e7\u00e3o do CREF12\/PE ainda fiscalizaram 93 pessoas, das quais 14 foram notificadas por exerc\u00edcio ilegal da profiss\u00e3o. Al\u00e9m disso, mais de 10 academias tiveram as atividades suspensas por funcionar sem Profissional de Educa\u00e7\u00e3o F\u00edsica habilitado junto ao Conselho. De acordo com o chefe de Fiscaliza\u00e7\u00e3o do CREF12\/PE, Marcelo Santos (CREF 005785-G\/PE), a segunda fase da opera\u00e7\u00e3o no Agreste foi bastante positiva.<\/p>\n<p style=\"text-align: justify;\">\u201c A import\u00e2ncia da fiscaliza\u00e7\u00e3o \u00e9 garantir que as pessoas que estejam se exercitando tenham um servi\u00e7o de qualidade. E tamb\u00e9m se aquele profissional possui forma\u00e7\u00e3o em Educa\u00e7\u00e3o F\u00edsica e registro profissional no Conselho. Caso a pessoa n\u00e3o seja um Profissional de Educa\u00e7\u00e3o F\u00edsica isso pode ocasionar danos para quem est\u00e1 se exercitando como les\u00f5es e at\u00e9 mesmo chegar a \u00f3bito dependendo do tipo de treinamento realizado. Ent\u00e3o alertamos que a sociedade verifique se a academia tem registro no Conselho e possui respons\u00e1vel t\u00e9cnico e que seja um Profissional de Educa\u00e7\u00e3o F\u00edsica\u201d, frisou.<\/p>\n<p style=\"text-align: justify;\">\u201cA condi\u00e7\u00e3o para o exerc\u00edcio da profiss\u00e3o de Educa\u00e7\u00e3o F\u00edsica, independente do campo de atua\u00e7\u00e3o (escola, academia, hospital, esportes), \u00e9 a regularidade junto ao Conselho Regional de Educa\u00e7\u00e3o F\u00edsica (CREF). N\u00e3o basta ser ex-atleta ou ser formado em educa\u00e7\u00e3o f\u00edsica, por exemplo. \u00c9 indispens\u00e1vel estar regular junto ao CREF. Portanto, \u00e9 imprescind\u00edvel forma\u00e7\u00e3o acad\u00eamica em IES (Institui\u00e7\u00e3o de Ensino Superior) regular junto ao MEC e, claro, o registro no Conselho. Quem trabalha com Educa\u00e7\u00e3o F\u00edsica sem estar regular junto ao CREF responde criminalmente&#8221;, explica o advogado e presidente do CREF de Pernambuco, L\u00facio Beltr\u00e3o.<\/p>\n<p style=\"text-align: justify;\">A fiscaliza\u00e7\u00e3o do CREF12\/PE aconteceu nos seguintes munic\u00edpios: Sair\u00e9, Camocim de S\u00e3o F\u00e9lix, S\u00e3o Joaquim do Monte, Vit\u00f3ria de Santo Ant\u00e3o, Bezerros, Altinho, Pombos, Ch\u00e3 Grande, S\u00e3o Caitano, Gravat\u00e1, Vertentes, Santa Maria do Cambuc\u00e1, Frei Miguelinho, Cupira, Panelas, Lagoa dos Gatos, Toritama, Brejo da Madre de Deus, Santa Cruz do Capibaribe, Caruaru, Taquaritinga do Norte, Jata\u00faba.<\/p>\n<p style=\"text-align: justify;\">No combate ao exerc\u00edcio ilegal da profiss\u00e3o e aos espa\u00e7os clandestinos, o CREF12\/PE disp\u00f5e dos seguintes meios para que qualquer cidad\u00e3o possa realizar a den\u00fancia. Pelo telefone\/whtasapp: (81) 9 8877 6678, no e-mail: fiscalizacao@cref12.org.br ou no cref12.org.br\/denuncia\/. O sigilo \u00e9 garantido.<\/p>\n\n\n<figure class=\"wp-block-image size-large\"><img loading=\"lazy\" decoding=\"async\" width=\"1024\" height=\"682\" src=\"https:\/\/blogdoedvaldomagalhaes.com.br\/wp-content\/uploads\/2022\/04\/IMG-20220429-WA0229-1024x682.jpg\" alt=\"\" class=\"wp-image-82622\" srcset=\"https:\/\/blogdoedvaldomagalhaes.com.br\/wp-content\/uploads\/2022\/04\/IMG-20220429-WA0229-1024x682.jpg 1024w, https:\/\/blogdoedvaldomagalhaes.com.br\/wp-content\/uploads\/2022\/04\/IMG-20220429-WA0229-300x200.jpg 300w, https:\/\/blogdoedvaldomagalhaes.com.br\/wp-content\/uploads\/2022\/04\/IMG-20220429-WA0229-768x512.jpg 768w, https:\/\/blogdoedvaldomagalhaes.com.br\/wp-content\/uploads\/2022\/04\/IMG-20220429-WA0229.jpg 1280w\" sizes=\"auto, (max-width: 1024px) 100vw, 1024px\" \/><\/figure>\n\n\n\n<figure class=\"wp-block-image size-large\"><img loading=\"lazy\" decoding=\"async\" width=\"1024\" height=\"682\" src=\"https:\/\/blogdoedvaldomagalhaes.com.br\/wp-content\/uploads\/2022\/04\/IMG-20220429-WA0231-1024x682.jpg\" alt=\"\" class=\"wp-image-82623\" srcset=\"https:\/\/blogdoedvaldomagalhaes.com.br\/wp-content\/uploads\/2022\/04\/IMG-20220429-WA0231-1024x682.jpg 1024w, https:\/\/blogdoedvaldomagalhaes.com.br\/wp-content\/uploads\/2022\/04\/IMG-20220429-WA0231-300x200.jpg 300w, https:\/\/blogdoedvaldomagalhaes.com.br\/wp-content\/uploads\/2022\/04\/IMG-20220429-WA0231-768x512.jpg 768w, https:\/\/blogdoedvaldomagalhaes.com.br\/wp-content\/uploads\/2022\/04\/IMG-20220429-WA0231.jpg 1280w\" sizes=\"auto, (max-width: 1024px) 100vw, 1024px\" \/><\/figure>\n\n\n\n<figure class=\"wp-block-image size-large\"><img loading=\"lazy\" decoding=\"async\" width=\"1024\" height=\"682\" src=\"https:\/\/blogdoedvaldomagalhaes.com.br\/wp-content\/uploads\/2022\/04\/IMG-20220429-WA0230-1024x682.jpg\" alt=\"\" class=\"wp-image-82624\" srcset=\"https:\/\/blogdoedvaldomagalhaes.com.br\/wp-content\/uploads\/2022\/04\/IMG-20220429-WA0230-1024x682.jpg 1024w, https:\/\/blogdoedvaldomagalhaes.com.br\/wp-content\/uploads\/2022\/04\/IMG-20220429-WA0230-300x200.jpg 300w, https:\/\/blogdoedvaldomagalhaes.com.br\/wp-content\/uploads\/2022\/04\/IMG-20220429-WA0230-768x512.jpg 768w, https:\/\/blogdoedvaldomagalhaes.com.br\/wp-content\/uploads\/2022\/04\/IMG-20220429-WA0230.jpg 1280w\" sizes=\"auto, (max-width: 1024px) 100vw, 1024px\" \/><figcaption>Fotos: Divulga\u00e7\u00e3o<\/figcaption><\/figure>\n","protected":false},"excerpt":{"rendered":"<p>O Conselho Regional de Educa\u00e7\u00e3o F\u00edsica da 12\u00aa Regi\u00e3o\/Pernambuco (CREF12\/PE) realizou, entre os dias 26 e 29 de abril, a&hellip;<\/p>\n","protected":false},"author":1,"featured_media":82621,"comment_status":"open","ping_status":"open","sticky":false,"template":"","format":"standard","meta":{"footnotes":""},"categories":[14120],"tags":[2,19532,3406,24528],"class_list":["post-82620","post","type-post","status-publish","format-standard","has-post-thumbnail","hentry","category-noticias","tag-blog-do-edvaldo-magalhaes","tag-blog-mais-acessado-e-visualizado-de-caruaru-e-regiao","tag-caruaru","tag-cref12-pe-interdita-duas-academias-durante-fiscalizacao"],"_links":{"self":[{"href":"https:\/\/blogdoedvaldomagalhaes.com.br\/index.php\/wp-json\/wp\/v2\/posts\/82620","targetHints":{"allow":["GET"]}}],"collection":[{"href":"https:\/\/blogdoedvaldomagalhaes.com.br\/index.php\/wp-json\/wp\/v2\/posts"}],"about":[{"href":"https:\/\/blogdoedvaldomagalhaes.com.br\/index.php\/wp-json\/wp\/v2\/types\/post"}],"author":[{"embeddable":true,"href":"https:\/\/blogdoedvaldomagalhaes.com.br\/index.php\/wp-json\/wp\/v2\/users\/1"}],"replies":[{"embeddable":true,"href":"https:\/\/blogdoedvaldomagalhaes.com.br\/index.php\/wp-json\/wp\/v2\/comments?post=82620"}],"version-history":[{"count":1,"href":"https:\/\/blogdoedvaldomagalhaes.com.br\/index.php\/wp-json\/wp\/v2\/posts\/82620\/revisions"}],"predecessor-version":[{"id":82625,"href":"https:\/\/blogdoedvaldomagalhaes.com.br\/index.php\/wp-json\/wp\/v2\/posts\/82620\/revisions\/82625"}],"wp:featuredmedia":[{"embeddable":true,"href":"https:\/\/blogdoedvaldomagalhaes.com.br\/index.php\/wp-json\/wp\/v2\/media\/82621"}],"wp:attachment":[{"href":"https:\/\/blogdoedvaldomagalhaes.com.br\/index.php\/wp-json\/wp\/v2\/media?parent=82620"}],"wp:term":[{"taxonomy":"category","embeddable":true,"href":"https:\/\/blogdoedvaldomagalhaes.com.br\/index.php\/wp-json\/wp\/v2\/categories?post=82620"},{"taxonomy":"post_tag","embeddable":true,"href":"https:\/\/blogdoedvaldomagalhaes.com.br\/index.php\/wp-json\/wp\/v2\/tags?post=82620"}],"curies":[{"name":"wp","href":"https:\/\/api.w.org\/{rel}","templated":true}]}}