{"id":82617,"date":"2022-04-29T12:31:48","date_gmt":"2022-04-29T15:31:48","guid":{"rendered":"https:\/\/blogdoedvaldomagalhaes.com.br\/?p=82617"},"modified":"2022-04-29T12:31:49","modified_gmt":"2022-04-29T15:31:49","slug":"ida-ao-oftalmologista-poderia-ter-evitado-700-mil-casos-de-perda-de-visao-no-brasil","status":"publish","type":"post","link":"https:\/\/blogdoedvaldomagalhaes.com.br\/index.php\/2022\/04\/29\/ida-ao-oftalmologista-poderia-ter-evitado-700-mil-casos-de-perda-de-visao-no-brasil\/","title":{"rendered":"Ida ao oftalmologista poderia ter evitado 700 mil casos de perda de vis\u00e3o no Brasil"},"content":{"rendered":"<p style=\"text-align: justify;\">Uma ida anual ao oftalmologista poderia ter feito com que 700 mil brasileiros com perda total de vis\u00e3o estivessem enxergando, normal ou parcialmente. De acordo com a Organiza\u00e7\u00e3o Mundial da Sa\u00fade (OMS), cerca de 45,5% dos casos de dist\u00farbios visuais no mundo (2,2 bilh\u00f5es) poderiam ser evitados com tratamento e medidas de preven\u00e7\u00e3o. Segundo o Conselho Brasileiro de Oftalmologia (CBO), 60% dos casos de cegueira s\u00e3o evit\u00e1veis e 34% da popula\u00e7\u00e3o adulta brasileira nunca se consultou com um oftalmologista.<\/p>\n<p>Os dados acima s\u00f3 refor\u00e7am a import\u00e2ncia da preven\u00e7\u00e3o para a sa\u00fade dos olhos. E as estat\u00edsticas ganham ainda mais relev\u00e2ncia em campanhas preventivas e de conscientiza\u00e7\u00e3o como o Abril Marrom. O m\u00eas, que se encerra neste s\u00e1bado (30),est\u00e1 sendo dedicado \u00e0 conscientiza\u00e7\u00e3o da popula\u00e7\u00e3o para as doen\u00e7as que podem levar \u00e0 cegueira. O Diretor M\u00e9dico do Hospital de Olhos de Pernambuco (HOPE), o oftalmologista Pedro Leonardo Soriano, refor\u00e7a a import\u00e2ncia da iniciativa. \u201cRealizamos uma campanha junto aos nossos pacientes e colaboradores, alertando para as principais causas de cegueira, bem como os cuidados que os pacientes dever\u00e3o ter\u201d, explica.<\/p>\n<p>O oftalmotolista Pedro Spriano destaca que a relev\u00e2ncia do Abril Marrom se torna maior com a pandemia da Covid-19. \u201cA pandemia nos mostrou a import\u00e2ncia de uma melhor higieniza\u00e7\u00e3o das m\u00e3os, evitar aglomera\u00e7\u00f5es, evitar colocar m\u00e3os nos olhos\u201d, explica. A pandemia afetou de forma significativa o n\u00famero de consultas e cirurgias relacionadas \u00e0 vis\u00e3o no \u00e2mbito Sistema \u00danico de Sa\u00fade (SUS) em 2020. De acordo com dados apurados pelo Conselho Brasileiro de Oftalmologia (CBO), a partir de registros do Sistema de Informa\u00e7\u00f5es Ambulatoriais do SUS, cerca de 3,7 milh\u00f5es de consultas deixaram de ser realizadas, uma queda de 35%. No caso das cirurgias, houve uma redu\u00e7\u00e3o de 390 mil procedimentos, queda de 27%. A compara\u00e7\u00e3o \u00e9 em rela\u00e7\u00e3o a 2019, ano pr\u00e9-pandemia.<\/p>\n<p>Principais causas da cegueira<\/p>\n<p>Entre as causas mais comuns de cegueira est\u00e3o a catarata, o glaucoma, os erros refrativos, a retinopatia diab\u00e9tica e a Degenera\u00e7\u00e3o Macular Relacionada \u00e0 Idade (DMRI). Muitas dessas doen\u00e7as aparecem de forma silenciosa e n\u00e3o apresentam sintomas no in\u00edcio, o que refor\u00e7a a import\u00e2ncia do diagn\u00f3stico precoce e acompanhamento oftalmol\u00f3gico durante todas as fases da vida.<\/p>\n<p>Diabetes e sedentarismo<\/p>\n<p>O aumento do sedentarismo e a piora nos h\u00e1bitos alimentares durante a pandemia tamb\u00e9m favoreceram o aumento de casos de diabetes, doen\u00e7a fortemente associada ao surgimento de problemas na vis\u00e3o. Doen\u00e7as oftalmol\u00f3gicas como: retinopatia diab\u00e9tica, glaucoma, catarata e edema macular podem ser provocadas pelo excesso de a\u00e7\u00facar no sangue e, quando n\u00e3o tratadas, s\u00e3o capazes de gerar danos irrevers\u00edveis \u00e0 vis\u00e3o.<\/p>\n<p>Como surgiu a campanha<\/p>\n<p>O Abril Marrom surgiu em 2016 atrav\u00e9s da iniciativa do m\u00e9dico Suel Abujamra, especialista em oftalmologia e ex-presidente do Conselho Brasileiro de Oftalmologia (CBO). A escolha do m\u00eas se deu em homenagem ao nascimento de Jos\u00e9 \u00c1lvares de Azevedo, professor que em 1850 trouxe o alfabeto Braille para o Brasil, escrita t\u00e1til utilizada por pessoas cegas ou com baixa vis\u00e3o. J\u00e1 a op\u00e7\u00e3o pelo Marrom ocorreu pela cor ser a mais presente dos olhos da maioria dos brasileiros.<\/p>\n<p>Dicas de cuidados para os olhos<\/p>\n<p>\u2022 Siga corretamente todas as orienta\u00e7\u00f5es do seu m\u00e9dico oftalmologista. Utilize col\u00edrios com orienta\u00e7\u00e3o e nunca por conta pr\u00f3pria;<\/p>\n<p>\u2022 V\u00e1 ao oftalmo pelo menos uma vez ao ano e sempre que sentir desconforto ou mudan\u00e7as em sua vis\u00e3o;<\/p>\n<p>\u2022 Fa\u00e7a mapeamento de retina sempre que houver necessidade;<\/p>\n<p>\u2022 Evite co\u00e7ar os olhos e, se o fizer, higienizar bem as m\u00e3os;<\/p>\n<p>\u2022 Nunca durma com maquiagem ou utilize algum produto com a validade vencida, pr\u00f3xima \u00e0 regi\u00e3o dos olhos.<\/p>\n","protected":false},"excerpt":{"rendered":"<p>Uma ida anual ao oftalmologista poderia ter feito com que 700 mil brasileiros com perda total de vis\u00e3o estivessem enxergando,&hellip;<\/p>\n","protected":false},"author":1,"featured_media":82618,"comment_status":"open","ping_status":"open","sticky":false,"template":"","format":"standard","meta":{"footnotes":""},"categories":[14120],"tags":[2,19532,3406,24526],"class_list":["post-82617","post","type-post","status-publish","format-standard","has-post-thumbnail","hentry","category-noticias","tag-blog-do-edvaldo-magalhaes","tag-blog-mais-acessado-e-visualizado-de-caruaru-e-regiao","tag-caruaru","tag-ida-ao-oftalmologista-poderia-ter-evitado-700-mil-casos-de-perda-de-visao-no-brasil"],"_links":{"self":[{"href":"https:\/\/blogdoedvaldomagalhaes.com.br\/index.php\/wp-json\/wp\/v2\/posts\/82617","targetHints":{"allow":["GET"]}}],"collection":[{"href":"https:\/\/blogdoedvaldomagalhaes.com.br\/index.php\/wp-json\/wp\/v2\/posts"}],"about":[{"href":"https:\/\/blogdoedvaldomagalhaes.com.br\/index.php\/wp-json\/wp\/v2\/types\/post"}],"author":[{"embeddable":true,"href":"https:\/\/blogdoedvaldomagalhaes.com.br\/index.php\/wp-json\/wp\/v2\/users\/1"}],"replies":[{"embeddable":true,"href":"https:\/\/blogdoedvaldomagalhaes.com.br\/index.php\/wp-json\/wp\/v2\/comments?post=82617"}],"version-history":[{"count":1,"href":"https:\/\/blogdoedvaldomagalhaes.com.br\/index.php\/wp-json\/wp\/v2\/posts\/82617\/revisions"}],"predecessor-version":[{"id":82619,"href":"https:\/\/blogdoedvaldomagalhaes.com.br\/index.php\/wp-json\/wp\/v2\/posts\/82617\/revisions\/82619"}],"wp:featuredmedia":[{"embeddable":true,"href":"https:\/\/blogdoedvaldomagalhaes.com.br\/index.php\/wp-json\/wp\/v2\/media\/82618"}],"wp:attachment":[{"href":"https:\/\/blogdoedvaldomagalhaes.com.br\/index.php\/wp-json\/wp\/v2\/media?parent=82617"}],"wp:term":[{"taxonomy":"category","embeddable":true,"href":"https:\/\/blogdoedvaldomagalhaes.com.br\/index.php\/wp-json\/wp\/v2\/categories?post=82617"},{"taxonomy":"post_tag","embeddable":true,"href":"https:\/\/blogdoedvaldomagalhaes.com.br\/index.php\/wp-json\/wp\/v2\/tags?post=82617"}],"curies":[{"name":"wp","href":"https:\/\/api.w.org\/{rel}","templated":true}]}}