{"id":82610,"date":"2022-04-29T11:38:26","date_gmt":"2022-04-29T14:38:26","guid":{"rendered":"https:\/\/blogdoedvaldomagalhaes.com.br\/?p=82610"},"modified":"2022-04-29T11:48:12","modified_gmt":"2022-04-29T14:48:12","slug":"pmpe-suspende-proibicao-de-radio-de-pilha-nos-estadios","status":"publish","type":"post","link":"https:\/\/blogdoedvaldomagalhaes.com.br\/index.php\/2022\/04\/29\/pmpe-suspende-proibicao-de-radio-de-pilha-nos-estadios\/","title":{"rendered":"PMPE suspende proibi\u00e7\u00e3o de r\u00e1dio de pilha nos est\u00e1dios"},"content":{"rendered":"<p style=\"text-align: justify;\">A Pol\u00edcia Militar de Pernambuco &#8211; PMPE, comunicou nessa quinta-feira (28), a proibi\u00e7\u00e3o em est\u00e1dios de <b>r\u00e1dios de pilha<\/b>, baterias, instrumentos musicais, apitos e porta-bandeiras, bem como outros objetos que representem risco \u00e0 seguran\u00e7a. A restri\u00e7\u00e3o atende aos protocolos de seguran\u00e7a implementados desde a Copa das Confedera\u00e7\u00f5es e da Copa do Mundo no Brasil. Na manh\u00e3 desta sexta-feira (29), a PMPE emitiu uma nota, suspedendo a proibi\u00e7\u00e3o dos r\u00e1dios de pilhas. Leia a nota abaixo:&nbsp;<\/p>\n<p style=\"text-align: justify;\"><strong>Nota da PMPE<\/strong><\/p>\n<p style=\"text-align: justify;\"><span style=\"font-size: inherit;\">A PMPE observa um normativo desde 2013, com a inaugura\u00e7\u00e3o da Arena e realiza\u00e7\u00e3o da Copa das Confedera\u00e7\u00f5es, que restringe a entrada nos est\u00e1dios de objetos que possam ser utilizados como armas ou arremessados pelos torcedores em momentos de confronto. Definir exatamente quais s\u00e3o esses objetos fica pela interpreta\u00e7\u00e3o da autoridade policial. Pernambuco voltou recentemente a permitir a entrada de torcedores nos est\u00e1dios com a flexibiliza\u00e7\u00e3o das regras de enfrentamento da pandemia. Foram nominados alguns objetos para facilitar o trabalho de quem realiza o controle de acesso. Entre esses objetos figurou o r\u00e1dio de pilha. N\u00f3s estamos suspendendo esse entendimento para reavalia\u00e7\u00e3o e com rela\u00e7\u00e3o aos r\u00e1dios n\u00e3o haver\u00e1 restri\u00e7\u00f5es. Demais objetos como hastes de bandeira e instrumentos musicais permanecem proibidos.<\/span><\/p>\n<p style=\"text-align: justify;\">Foto: SindiR\u00e1dio.<\/p>\n\n\n<p><\/p>\n","protected":false},"excerpt":{"rendered":"<p>A Pol\u00edcia Militar de Pernambuco &#8211; PMPE, comunicou nessa quinta-feira (28), a proibi\u00e7\u00e3o em est\u00e1dios de r\u00e1dios de pilha, baterias,&hellip;<\/p>\n","protected":false},"author":1,"featured_media":82614,"comment_status":"open","ping_status":"open","sticky":false,"template":"","format":"standard","meta":{"footnotes":""},"categories":[14120],"tags":[2,19532,3406,24525],"class_list":["post-82610","post","type-post","status-publish","format-standard","has-post-thumbnail","hentry","category-noticias","tag-blog-do-edvaldo-magalhaes","tag-blog-mais-acessado-e-visualizado-de-caruaru-e-regiao","tag-caruaru","tag-pmpe-suspende-proibicao-de-radio-de-pilha-nos-estadios"],"_links":{"self":[{"href":"https:\/\/blogdoedvaldomagalhaes.com.br\/index.php\/wp-json\/wp\/v2\/posts\/82610","targetHints":{"allow":["GET"]}}],"collection":[{"href":"https:\/\/blogdoedvaldomagalhaes.com.br\/index.php\/wp-json\/wp\/v2\/posts"}],"about":[{"href":"https:\/\/blogdoedvaldomagalhaes.com.br\/index.php\/wp-json\/wp\/v2\/types\/post"}],"author":[{"embeddable":true,"href":"https:\/\/blogdoedvaldomagalhaes.com.br\/index.php\/wp-json\/wp\/v2\/users\/1"}],"replies":[{"embeddable":true,"href":"https:\/\/blogdoedvaldomagalhaes.com.br\/index.php\/wp-json\/wp\/v2\/comments?post=82610"}],"version-history":[{"count":2,"href":"https:\/\/blogdoedvaldomagalhaes.com.br\/index.php\/wp-json\/wp\/v2\/posts\/82610\/revisions"}],"predecessor-version":[{"id":82615,"href":"https:\/\/blogdoedvaldomagalhaes.com.br\/index.php\/wp-json\/wp\/v2\/posts\/82610\/revisions\/82615"}],"wp:featuredmedia":[{"embeddable":true,"href":"https:\/\/blogdoedvaldomagalhaes.com.br\/index.php\/wp-json\/wp\/v2\/media\/82614"}],"wp:attachment":[{"href":"https:\/\/blogdoedvaldomagalhaes.com.br\/index.php\/wp-json\/wp\/v2\/media?parent=82610"}],"wp:term":[{"taxonomy":"category","embeddable":true,"href":"https:\/\/blogdoedvaldomagalhaes.com.br\/index.php\/wp-json\/wp\/v2\/categories?post=82610"},{"taxonomy":"post_tag","embeddable":true,"href":"https:\/\/blogdoedvaldomagalhaes.com.br\/index.php\/wp-json\/wp\/v2\/tags?post=82610"}],"curies":[{"name":"wp","href":"https:\/\/api.w.org\/{rel}","templated":true}]}}