{"id":82607,"date":"2022-04-29T11:10:18","date_gmt":"2022-04-29T14:10:18","guid":{"rendered":"https:\/\/blogdoedvaldomagalhaes.com.br\/?p=82607"},"modified":"2022-04-29T11:10:19","modified_gmt":"2022-04-29T14:10:19","slug":"vereador-cabo-cardoso-solicita-implantacao-de-grupamento-de-policia-militar-ambiental-em-caruaru","status":"publish","type":"post","link":"https:\/\/blogdoedvaldomagalhaes.com.br\/index.php\/2022\/04\/29\/vereador-cabo-cardoso-solicita-implantacao-de-grupamento-de-policia-militar-ambiental-em-caruaru\/","title":{"rendered":"Vereador Cabo Cardoso solicita implanta\u00e7\u00e3o de grupamento de pol\u00edcia militar ambiental em Caruaru"},"content":{"rendered":"<p style=\"text-align: justify;\">O vereador Cabo Cardoso (PP), solicita atrav\u00e9s de indica\u00e7\u00e3o ao governo de Pernambuco, a implanta\u00e7\u00e3o de um grupamento de pol\u00edcia militar ambiental para ser instalado no 1\u00b0 BIEsp, visando a prote\u00e7\u00e3o do nosso ecossistema, nossa fauna e nossa flora al\u00e9m do monitoramento do parque de serra dos cavalos e combater o tr\u00e1fico de animais silvestres, al\u00e9m dos maus tratos aos animais diversos em nossa regi\u00e3o.<\/p>\n<p>Foto: Vlademir Barreto.<\/p>\n","protected":false},"excerpt":{"rendered":"<p>O vereador Cabo Cardoso (PP), solicita atrav\u00e9s de indica\u00e7\u00e3o ao governo de Pernambuco, a implanta\u00e7\u00e3o de um grupamento de pol\u00edcia&hellip;<\/p>\n","protected":false},"author":1,"featured_media":82608,"comment_status":"open","ping_status":"open","sticky":false,"template":"","format":"standard","meta":{"footnotes":""},"categories":[14122],"tags":[2,19532,3406,24524],"class_list":["post-82607","post","type-post","status-publish","format-standard","has-post-thumbnail","hentry","category-politica","tag-blog-do-edvaldo-magalhaes","tag-blog-mais-acessado-e-visualizado-de-caruaru-e-regiao","tag-caruaru","tag-vereador-cabo-cardoso-solicita-implantacao-de-grupamento-de-policia-militar-ambiental-em-caruaru"],"_links":{"self":[{"href":"https:\/\/blogdoedvaldomagalhaes.com.br\/index.php\/wp-json\/wp\/v2\/posts\/82607","targetHints":{"allow":["GET"]}}],"collection":[{"href":"https:\/\/blogdoedvaldomagalhaes.com.br\/index.php\/wp-json\/wp\/v2\/posts"}],"about":[{"href":"https:\/\/blogdoedvaldomagalhaes.com.br\/index.php\/wp-json\/wp\/v2\/types\/post"}],"author":[{"embeddable":true,"href":"https:\/\/blogdoedvaldomagalhaes.com.br\/index.php\/wp-json\/wp\/v2\/users\/1"}],"replies":[{"embeddable":true,"href":"https:\/\/blogdoedvaldomagalhaes.com.br\/index.php\/wp-json\/wp\/v2\/comments?post=82607"}],"version-history":[{"count":1,"href":"https:\/\/blogdoedvaldomagalhaes.com.br\/index.php\/wp-json\/wp\/v2\/posts\/82607\/revisions"}],"predecessor-version":[{"id":82609,"href":"https:\/\/blogdoedvaldomagalhaes.com.br\/index.php\/wp-json\/wp\/v2\/posts\/82607\/revisions\/82609"}],"wp:featuredmedia":[{"embeddable":true,"href":"https:\/\/blogdoedvaldomagalhaes.com.br\/index.php\/wp-json\/wp\/v2\/media\/82608"}],"wp:attachment":[{"href":"https:\/\/blogdoedvaldomagalhaes.com.br\/index.php\/wp-json\/wp\/v2\/media?parent=82607"}],"wp:term":[{"taxonomy":"category","embeddable":true,"href":"https:\/\/blogdoedvaldomagalhaes.com.br\/index.php\/wp-json\/wp\/v2\/categories?post=82607"},{"taxonomy":"post_tag","embeddable":true,"href":"https:\/\/blogdoedvaldomagalhaes.com.br\/index.php\/wp-json\/wp\/v2\/tags?post=82607"}],"curies":[{"name":"wp","href":"https:\/\/api.w.org\/{rel}","templated":true}]}}